{"id":970,"date":"2011-01-02T17:25:17","date_gmt":"2011-01-02T16:25:17","guid":{"rendered":"http:\/\/www.parrocchianissoria.it\/wp\/?p=970"},"modified":"2014-01-02T17:30:33","modified_gmt":"2014-01-02T16:30:33","slug":"ama-la-tua-parrocchia","status":"publish","type":"post","link":"https:\/\/www.parrocchianissoria.it\/index.php\/ama-la-tua-parrocchia\/","title":{"rendered":"Ama la tua parrocchia"},"content":{"rendered":"<p>&#8220;Collabora, prega e soffri per la tua parrocchia, perch\u00e9 devi considerarla come una madre a cui la Provvidenza ti ha affidato: chiedi a Dio che sia casa di famiglia fraterna e accogliente, casa aperta a tutti e al servizio di tutti.<br \/>\nDa&#8217; il tuo contributo di azione perch\u00e9 questo si realizzi in pienezza. Collabora, prega, soffri perch\u00e9 la tua parrocchia sia vera comunit\u00e0 di fede: rispetta i preti della tua parrocchia anche se avessero mille difetti: sono i delegati di Cristo per te. Guardali con l&#8217;occhio della fede, non accentuare i loro difetti, non giudicare con troppa facilit\u00e0 le loro miserie perch\u00e9 Dio perdoni a te le tue miserie.<\/p>\n<p><!--more-->Prenditi carico dei loro bisogni, prega ogni giorno per loro. Collabora, prega, soffri perch\u00e9 la tua parrocchia sia una vera comunit\u00e0 eucaristica, che l&#8217;Eucaristia sia &#8220;radice viva del suo edificarsi&#8221;, non una radice secca, senza vita. Partecipa all&#8217;Eucaristia, possibilmente nella tua parrocchia, con tutte le tue forze. Godi e sottolinea con tutti tutte le cose belle della tua parrocchia. Non macchiarti mai la lingua accanendoti contro l&#8217;inerzia della tua parrocchia: invece rimboccati le maniche per fare tutto quello che ti viene richiesto. Ricordati: i pettegolezzi, le ambizioni, la voglia di primeggiare, le rivalit\u00e0 sono parassiti della vita parrocchiale: detestali, combattili, non tollerarli mai!<\/p>\n<p>La legge fondamentale del servizio \u00e8 l&#8217;umilt\u00e0: non imporre le tue idee, non avere ambizioni, servi nell&#8217;umilt\u00e0. E accetta anche di essere messo da parte, se il bene di tutti, ad un certo momento, lo richiede. Solo, non incrociare le braccia, buttati invece nel lavoro pi\u00fa antipatico e pi\u00f9 schivato da tutti, e non ti salti in mente di fondare un partito di opposizione! Se il tuo parroco \u00e8 possessivo e non lascia fare, non farne un dramma: la parrocchia non va a fondo per questo. Ci sono sempre settori dove qualunque parroco ti lascia piena libert\u00e0 di azione: la preghiera, i poveri, i malati, le persone sole ed emarginate. Basterebbe fossero vivi questi settori e la parrocchia diventerebbe viva. La preghiera, poi, nessuno te la condiziona e te la pu\u00f2 togliere. Ricordati bene che, con l&#8217;umilt\u00e0 e la carit\u00e1, si pu\u00f3 dire qualunque verit\u00e1 in parrocchia. Spesso \u00e9 l&#8217;arroganza e la presunzione che ferma ogni passo ed alza i muri. La mancanza di pazienza, qualche volta, crea il rigetto delle migliori iniziative. Quando le cose non vanno, prova a puntare il dito contro te stesso, invece che contro il parroco o contro i tuoi preti o contro le situazioni.<\/p>\n<p>Hai le tue responsabilit\u00e0, hai i tuoi precisi doveri: se hai il coraggio di un&#8217;autocritica, severa e schietta, forse avrai una luce maggiore sui limiti degli altri. Se la tua parrocchia fa piet\u00e0 la colpa \u00e8 anche tua: basta un pugno di gente volenterosa a fare una rivoluzione, basta un gruppo di gente decisa a tutto a dare un volto nuovo ad una parrocchia. E prega incessantemente per la santit\u00e0 dei tuoi preti: sono i preti santi la ricchezza pi\u00f9 straordinaria delle nostre parrocchie, sono i preti santi la salvezza dei nostri giovani.&#8221;<\/p>\n<p align=\"right\"><b>di Paolo VI<\/b><\/p>\n","protected":false},"excerpt":{"rendered":"<p>&#8220;Collabora, prega e soffri per la tua parrocchia, perch\u00e9 devi considerarla come una madre a cui la Provvidenza ti ha affidato: chiedi a Dio che sia casa di famiglia fraterna&hellip;<\/p>\n","protected":false},"author":1,"featured_media":0,"comment_status":"open","ping_status":"open","sticky":false,"template":"","format":"standard","meta":{"jetpack_post_was_ever_published":false,"_jetpack_newsletter_access":"","_jetpack_newsletter_tier_id":0,"jetpack_publicize_message":"","jetpack_is_tweetstorm":false,"jetpack_publicize_feature_enabled":true,"jetpack_social_post_already_shared":false,"jetpack_social_options":{"image_generator_settings":{"template":"highway","enabled":false}}},"categories":[4],"tags":[],"jetpack_publicize_connections":[],"jetpack_featured_media_url":"","jetpack_sharing_enabled":true,"jetpack_shortlink":"https:\/\/wp.me\/p5aHFt-fE","jetpack-related-posts":[{"id":972,"url":"https:\/\/www.parrocchianissoria.it\/index.php\/il-tempo-della-mistagogia\/","url_meta":{"origin":970,"position":0},"title":"Il Tempo della mistagogia","author":"admin","date":"2 Ottobre 2012","format":false,"excerpt":"Con la Celebrazione del Battesimo, della Confermazione e dell'Eucarestia, non \u00e8 terminato l'itinerario d'iniziazione cristiana. Inizia il tempo della Mistagogia, per poter cos\u00ec familiarizzare sempre di pi\u00f9 con la vita cristiana e con la propria comunit\u00e0 parrocchiale. Il neofita \u00e8 educato a scoprire e a crescere sempre pi\u00f9 nella grande\u2026","rel":"","context":"In &quot;Pastorale&quot;","block_context":{"text":"Pastorale","link":"https:\/\/www.parrocchianissoria.it\/index.php\/category\/pastorale\/"},"img":{"alt_text":"","src":"","width":0,"height":0},"classes":[]},{"id":1580,"url":"https:\/\/www.parrocchianissoria.it\/index.php\/iii-domenica-di-avvento\/","url_meta":{"origin":970,"position":1},"title":"III domenica di Avvento","author":"admin","date":"12 Dicembre 2014","format":false,"excerpt":"In uno degli affreschi realizzati da Domenico Zampieri, detto Domenichino, nella Chiesa di Sant\u2019Andrea della Valle a Roma nella prima met\u00e0 del \u2018600, Giovanni Battista \u00e8 ricoperto da un mantello rosso, un chiaro rimando alla sua testimonianza sino al martirio, ed ha ai suoi piedi un agnello. Con il braccio\u2026","rel":"","context":"In &quot;Avvento&quot;","block_context":{"text":"Avvento","link":"https:\/\/www.parrocchianissoria.it\/index.php\/category\/avvento\/"},"img":{"alt_text":"","src":"https:\/\/i0.wp.com\/www.parrocchianissoria.it\/wp\/wp-content\/uploads\/2014\/12\/iii_avvento.jpg?fit=1100%2C715&ssl=1&resize=350%2C200","width":350,"height":200,"srcset":"https:\/\/i0.wp.com\/www.parrocchianissoria.it\/wp\/wp-content\/uploads\/2014\/12\/iii_avvento.jpg?fit=1100%2C715&ssl=1&resize=350%2C200 1x, https:\/\/i0.wp.com\/www.parrocchianissoria.it\/wp\/wp-content\/uploads\/2014\/12\/iii_avvento.jpg?fit=1100%2C715&ssl=1&resize=525%2C300 1.5x, https:\/\/i0.wp.com\/www.parrocchianissoria.it\/wp\/wp-content\/uploads\/2014\/12\/iii_avvento.jpg?fit=1100%2C715&ssl=1&resize=700%2C400 2x, https:\/\/i0.wp.com\/www.parrocchianissoria.it\/wp\/wp-content\/uploads\/2014\/12\/iii_avvento.jpg?fit=1100%2C715&ssl=1&resize=1050%2C600 3x"},"classes":[]},{"id":1375,"url":"https:\/\/www.parrocchianissoria.it\/index.php\/vorrei-portarvi-in-dono-la-speranza-messaggio-augurale-del-vescovo\/","url_meta":{"origin":970,"position":2},"title":"Vorrei portarvi in dono la speranza &#8211; Messaggio augurale del Vescovo","author":"admin","date":"25 Dicembre 2013","format":false,"excerpt":"\u00a0In questo Natale vorrei portarti in dono la speranza. Basta che tu apra mani e cuore e la speranza inonder\u00e0 la tua vita. La speranza ha un nome e un volto: la speranza si chiama Ges\u00f9. Nasce un Bambino in un grotta e si schiude un orizzonte nuovo per l\u2019umanit\u00e0:\u2026","rel":"","context":"In &quot;Diocesi&quot;","block_context":{"text":"Diocesi","link":"https:\/\/www.parrocchianissoria.it\/index.php\/category\/diocesi\/"},"img":{"alt_text":"","src":"","width":0,"height":0},"classes":[]},{"id":1,"url":"https:\/\/www.parrocchianissoria.it\/index.php\/ciao-mondo\/","url_meta":{"origin":970,"position":3},"title":"Buon Natale 2013","author":"admin","date":"24 Dicembre 2013","format":false,"excerpt":"\u00c8 Natale ogni volta che sorridi a un fratello e gli tendi la mano; ogni volta che rimani in silenzio per ascoltare un altro; ogni volta che volgi la schiena ai principi che cacciano gli oppressi ai margini del loro isolamento; ogni volta che speri con i \"prigionieri\", gli oppressi\u2026","rel":"","context":"In &quot;Attivit\u00e0&quot;","block_context":{"text":"Attivit\u00e0","link":"https:\/\/www.parrocchianissoria.it\/index.php\/category\/attivita\/"},"img":{"alt_text":"","src":"https:\/\/i0.wp.com\/www.parrocchianissoria.it\/wp\/wp-content\/uploads\/2013\/12\/Sacra2.jpg?fit=1200%2C600&ssl=1&resize=350%2C200","width":350,"height":200,"srcset":"https:\/\/i0.wp.com\/www.parrocchianissoria.it\/wp\/wp-content\/uploads\/2013\/12\/Sacra2.jpg?fit=1200%2C600&ssl=1&resize=350%2C200 1x, https:\/\/i0.wp.com\/www.parrocchianissoria.it\/wp\/wp-content\/uploads\/2013\/12\/Sacra2.jpg?fit=1200%2C600&ssl=1&resize=525%2C300 1.5x, https:\/\/i0.wp.com\/www.parrocchianissoria.it\/wp\/wp-content\/uploads\/2013\/12\/Sacra2.jpg?fit=1200%2C600&ssl=1&resize=700%2C400 2x, https:\/\/i0.wp.com\/www.parrocchianissoria.it\/wp\/wp-content\/uploads\/2013\/12\/Sacra2.jpg?fit=1200%2C600&ssl=1&resize=1050%2C600 3x"},"classes":[]},{"id":1644,"url":"https:\/\/www.parrocchianissoria.it\/index.php\/benedizione-degli-sposi\/","url_meta":{"origin":970,"position":4},"title":"Benedizione degli sposi","author":"admin","date":"8 Gennaio 2015","format":"image","excerpt":"Noi come sposi, siamo segni dell'amore e della fedelt\u00e0 che Dio ha nei confronti del suo popolo. Dio \u00e8 Fedele con Abramo: nel giorno del nostro matrimonio abbiamo promesso reciprocamente: \u201cCon la grazia di Cristo prometto di esserti fedele sempre, nella gioia e nel dolore, nella salute e nella malattia,\u2026","rel":"","context":"In &quot;Liturgia&quot;","block_context":{"text":"Liturgia","link":"https:\/\/www.parrocchianissoria.it\/index.php\/category\/liturgia\/"},"img":{"alt_text":"","src":"https:\/\/i0.wp.com\/www.parrocchianissoria.it\/wp\/wp-content\/uploads\/2015\/01\/copertina.jpg?fit=1024%2C558&ssl=1&resize=350%2C200","width":350,"height":200,"srcset":"https:\/\/i0.wp.com\/www.parrocchianissoria.it\/wp\/wp-content\/uploads\/2015\/01\/copertina.jpg?fit=1024%2C558&ssl=1&resize=350%2C200 1x, https:\/\/i0.wp.com\/www.parrocchianissoria.it\/wp\/wp-content\/uploads\/2015\/01\/copertina.jpg?fit=1024%2C558&ssl=1&resize=525%2C300 1.5x, https:\/\/i0.wp.com\/www.parrocchianissoria.it\/wp\/wp-content\/uploads\/2015\/01\/copertina.jpg?fit=1024%2C558&ssl=1&resize=700%2C400 2x"},"classes":[]},{"id":1943,"url":"https:\/\/www.parrocchianissoria.it\/index.php\/giubileo-dei-ragazzi-a-roma\/","url_meta":{"origin":970,"position":5},"title":"Giubileo dei ragazzi a Roma","author":"Salvatore Licata","date":"13 Marzo 2016","format":false,"excerpt":"All\u2019interno del Giubileo della Misericordia, Papa Francesco ha voluto anche un particolare Giubileo dei Ragazzi con i ragazzi pi\u00f9 giovani: il Giubileo dei Ragazzi. A loro Francesco ha rivolto uno specifico messaggio per invitarli a Roma. Il programma prevede: Scarica la Scheda di iscrizione per ogni singolo partecipante Le iscrizioni\u2026","rel":"","context":"In &quot;Attivit\u00e0&quot;","block_context":{"text":"Attivit\u00e0","link":"https:\/\/www.parrocchianissoria.it\/index.php\/category\/attivita\/"},"img":{"alt_text":"","src":"https:\/\/i0.wp.com\/www.parrocchianissoria.it\/wp\/wp-content\/uploads\/2016\/03\/giubileo-ragazzi.jpg?fit=800%2C1131&ssl=1&resize=350%2C200","width":350,"height":200,"srcset":"https:\/\/i0.wp.com\/www.parrocchianissoria.it\/wp\/wp-content\/uploads\/2016\/03\/giubileo-ragazzi.jpg?fit=800%2C1131&ssl=1&resize=350%2C200 1x, https:\/\/i0.wp.com\/www.parrocchianissoria.it\/wp\/wp-content\/uploads\/2016\/03\/giubileo-ragazzi.jpg?fit=800%2C1131&ssl=1&resize=525%2C300 1.5x, https:\/\/i0.wp.com\/www.parrocchianissoria.it\/wp\/wp-content\/uploads\/2016\/03\/giubileo-ragazzi.jpg?fit=800%2C1131&ssl=1&resize=700%2C400 2x"},"classes":[]}],"jetpack_likes_enabled":true,"_links":{"self":[{"href":"https:\/\/www.parrocchianissoria.it\/index.php\/wp-json\/wp\/v2\/posts\/970"}],"collection":[{"href":"https:\/\/www.parrocchianissoria.it\/index.php\/wp-json\/wp\/v2\/posts"}],"about":[{"href":"https:\/\/www.parrocchianissoria.it\/index.php\/wp-json\/wp\/v2\/types\/post"}],"author":[{"embeddable":true,"href":"https:\/\/www.parrocchianissoria.it\/index.php\/wp-json\/wp\/v2\/users\/1"}],"replies":[{"embeddable":true,"href":"https:\/\/www.parrocchianissoria.it\/index.php\/wp-json\/wp\/v2\/comments?post=970"}],"version-history":[{"count":2,"href":"https:\/\/www.parrocchianissoria.it\/index.php\/wp-json\/wp\/v2\/posts\/970\/revisions"}],"predecessor-version":[{"id":975,"href":"https:\/\/www.parrocchianissoria.it\/index.php\/wp-json\/wp\/v2\/posts\/970\/revisions\/975"}],"wp:attachment":[{"href":"https:\/\/www.parrocchianissoria.it\/index.php\/wp-json\/wp\/v2\/media?parent=970"}],"wp:term":[{"taxonomy":"category","embeddable":true,"href":"https:\/\/www.parrocchianissoria.it\/index.php\/wp-json\/wp\/v2\/categories?post=970"},{"taxonomy":"post_tag","embeddable":true,"href":"https:\/\/www.parrocchianissoria.it\/index.php\/wp-json\/wp\/v2\/tags?post=970"}],"curies":[{"name":"wp","href":"https:\/\/api.w.org\/{rel}","templated":true}]}}