{"id":1943,"date":"2016-03-13T18:23:52","date_gmt":"2016-03-13T17:23:52","guid":{"rendered":"http:\/\/www.parrocchianissoria.it\/?p=1943"},"modified":"2016-03-20T14:53:47","modified_gmt":"2016-03-20T13:53:47","slug":"giubileo-dei-ragazzi-a-roma","status":"publish","type":"post","link":"https:\/\/www.parrocchianissoria.it\/index.php\/giubileo-dei-ragazzi-a-roma\/","title":{"rendered":"Giubileo dei ragazzi a Roma"},"content":{"rendered":"<p>All\u2019interno del Giubileo della Misericordia, Papa Francesco ha voluto anche un particolare Giubileo dei Ragazzi con i ragazzi pi\u00f9 giovani: il Giubileo dei Ragazzi. A loro Francesco ha rivolto uno specifico messaggio per invitarli a Roma.<\/p>\n<p>Il programma prevede:<br \/>\n<!--more--><\/p>\n<p><a href=\"https:\/\/i0.wp.com\/www.parrocchianissoria.it\/wp\/wp-content\/uploads\/2016\/03\/giubileo-ragazzi.jpg\" rel=\"attachment wp-att-1944\"><img data-attachment-id=\"1944\" data-permalink=\"https:\/\/www.parrocchianissoria.it\/index.php\/giubileo-dei-ragazzi-a-roma\/giubileo-ragazzi\/\" data-orig-file=\"https:\/\/i0.wp.com\/www.parrocchianissoria.it\/wp\/wp-content\/uploads\/2016\/03\/giubileo-ragazzi.jpg?fit=800%2C1131&amp;ssl=1\" data-orig-size=\"800,1131\" data-comments-opened=\"1\" data-image-meta=\"{&quot;aperture&quot;:&quot;0&quot;,&quot;credit&quot;:&quot;&quot;,&quot;camera&quot;:&quot;&quot;,&quot;caption&quot;:&quot;&quot;,&quot;created_timestamp&quot;:&quot;0&quot;,&quot;copyright&quot;:&quot;&quot;,&quot;focal_length&quot;:&quot;0&quot;,&quot;iso&quot;:&quot;0&quot;,&quot;shutter_speed&quot;:&quot;0&quot;,&quot;title&quot;:&quot;&quot;,&quot;orientation&quot;:&quot;0&quot;}\" data-image-title=\"giubileo-ragazzi\" data-image-description=\"\" data-image-caption=\"\" data-medium-file=\"https:\/\/i0.wp.com\/www.parrocchianissoria.it\/wp\/wp-content\/uploads\/2016\/03\/giubileo-ragazzi.jpg?fit=212%2C300&amp;ssl=1\" data-large-file=\"https:\/\/i0.wp.com\/www.parrocchianissoria.it\/wp\/wp-content\/uploads\/2016\/03\/giubileo-ragazzi.jpg?fit=660%2C933&amp;ssl=1\" decoding=\"async\" loading=\"lazy\" class=\"alignnone size-large wp-image-1944\" src=\"https:\/\/i0.wp.com\/www.parrocchianissoria.it\/wp\/wp-content\/uploads\/2016\/03\/giubileo-ragazzi.jpg?resize=474%2C670\" alt=\"giubileo-ragazzi\" width=\"474\" height=\"670\" srcset=\"https:\/\/i0.wp.com\/www.parrocchianissoria.it\/wp\/wp-content\/uploads\/2016\/03\/giubileo-ragazzi.jpg?resize=724%2C1024&amp;ssl=1 724w, https:\/\/i0.wp.com\/www.parrocchianissoria.it\/wp\/wp-content\/uploads\/2016\/03\/giubileo-ragazzi.jpg?resize=212%2C300&amp;ssl=1 212w, https:\/\/i0.wp.com\/www.parrocchianissoria.it\/wp\/wp-content\/uploads\/2016\/03\/giubileo-ragazzi.jpg?resize=768%2C1086&amp;ssl=1 768w, https:\/\/i0.wp.com\/www.parrocchianissoria.it\/wp\/wp-content\/uploads\/2016\/03\/giubileo-ragazzi.jpg?w=800&amp;ssl=1 800w\" sizes=\"(max-width: 474px) 100vw, 474px\" data-recalc-dims=\"1\" \/><\/a><\/p>\n<p>Scarica la <a href=\"http:\/\/www.parrocchianissoria.it\/wp\/wp-content\/uploads\/2016\/03\/Scheda-di-iscrizione-per-ogni-singolo-partecipante.pdf\" rel=\"\">Scheda di iscrizione per ogni singolo partecipante<\/a><\/p>\n<p>Le iscrizioni scadono il 20 Marzo. Per ulteriori info contattate<br \/>\nParrocchia San Giuseppe\u00a0 o i referenti del gruppo Mistagogia\u00a0 Tel 0935 -669025 Tel 0935 &#8211; 669257<\/p>\n<h3>IL MESSAGGIO DEL PAPA PER I RAGAZZI<\/h3>\n<p>Papa Francesco ha scritto un messaggio per invitare tutti gli adolescenti a Roma in quei giorni.<\/p>\n<blockquote><p><strong>MESSAGGIO PER IL GIUBILEO DELLA MISERICORDIA <\/strong><strong>DEI RAGAZZI E DELLE RAGAZZE<\/strong><\/p>\n<p><em>Crescere misericordiosi come il Padre<\/em><\/p>\n<p>Carissimi ragazzi e ragazze,\u00a0la Chiesa sta vivendo l\u2019Anno Santo della Misericordia, un tempo di grazia, di pace, di conversione e gioia che coinvolge tutti: piccoli e grandi, vicini e lontani. Non ci sono confini o distanze che possano impedire alla misericordia del Padre di raggiungerci e rendersi presente in mezzo a noi. Ormai la Porta Santa \u00e8 aperta a Roma e in tutte le Diocesi del mondo.<\/p>\n<p>Questo tempo prezioso coinvolge anche voi, cari ragazzi e ragazze, e io mi rivolgo a voi per invitarvi a prenderne parte, a diventarne i protagonisti, scoprendovi figli di Dio (cfr 1 Gv 3,1). Vi vorrei chiamare uno a uno, vi vorrei chiamare per nome, come fa Ges\u00f9 ogni giorno, perch\u00e9 lo sapete bene che i vostri nomi sono scritti in cielo (Lc 10,20), sono scolpiti nel cuore del Padre che \u00e8 il Cuore Misericordioso da cui nasce ogni riconciliazione e ogni dolcezza.<\/p>\n<p>Il Giubileo \u00e8 un intero anno in cui ogni momento viene detto santo affinch\u00e9 diventi tutta santa la nostra esistenza. \u00c8 un\u2019occasione in cui scopriremo che vivere da fratelli \u00e8 una grande festa, la pi\u00f9 bella che possiamo sognare, la festa senza fine che Ges\u00f9 ci ha insegnato a cantare attraverso il suo Spirito. Il Giubileo \u00e8 la festa a cui Ges\u00f9 invita proprio tutti, senza distinzioni e senza escludere nessuno. Per questo ho desiderato vivere anche con voi alcune giornate di preghiera e di festa. Vi aspetto numerosi, quindi, nel prossimo mese di aprile.<\/p>\n<p>\u201cCrescere misericordiosi come il Padre\u201d \u00e8 il titolo del vostro Giubileo, ma \u00e8 anche la preghiera che facciamo per tutti voi, accogliendovi nel nome di Ges\u00f9. Crescere misericordiosi significa imparare a essere coraggiosi nell\u2019amore concreto e disinteressato, significa diventare grandi tanto nel fisico, quanto nell\u2019intimo. Voi vi state preparando a diventare dei cristiani capaci di scelte e gesti coraggiosi, in grado di costruire ogni giorno, anche nelle piccole cose, un mondo di pace.<\/p>\n<p>La vostra \u00e8 un\u2019et\u00e0 di incredibili cambiamenti, in cui tutto sembra possibile e impossibile nello stesso tempo. Vi ripeto con tanta forza: \u00abRimanete saldi nel cammino della fede con la ferma speranza nel Signore. Qui sta il segreto del nostro cammino! Lui ci d\u00e0 il coraggio di andare controcorrente. Credetemi: questo fa bene al cuore, ma ci vuole il coraggio per andare controcorrente e Lui ci d\u00e0 questo coraggio! Con Lui possiamo fare cose grandi; ci far\u00e0 sentire la gioia di essere suoi discepoli, suoi testimoni. Scommettete sui grandi ideali, sulle cose grandi. Noi cristiani non siamo scelti dal Signore per cosine piccole, andate sempre al di l\u00e0, verso le cose grandi. Giocate la vita per grandi ideali!\u00bb (Omelia nella Giornata dei Cresimandi e Cresimati dell\u2019Anno della Fede, 28 aprile 2013).<\/p>\n<p>Non posso dimenticare voi, ragazzi e ragazze che vivete in contesti di guerra, di estrema povert\u00e0, di fatica quotidiana, di abbandono. Non perdete la speranza, il Signore ha un sogno grande da realizzare insieme a voi! I vostri amici coetanei che vivono in condizioni meno drammatiche della vostra, si ricordano di voi e si impegnano perch\u00e9 la pace e la giustizia possano appartenere a tutti. Non credete alle parole di odio e di terrore che vengono spesso ripetute; costruite invece amicizie nuove. Offrite il vostro tempo, preoccupatevi sempre di chi vi chiede aiuto. Siate coraggiosi e controcorrente, siate amici di Ges\u00f9, che \u00e8 il Principe della pace (cfr Is 9,6), \u00abtutto in Lui parla di misericordia. Nulla in Lui \u00e8 privo di compassione\u00bb (Misericordiae Vultus, 8).<\/p>\n<p>So che non tutti potrete venire a Roma, ma il Giubileo \u00e8 davvero per tutti e sar\u00e0 celebrato anche nelle vostre Chiese locali. Siete tutti invitati per questo momento di gioia! Non preparate solo gli zaini e gli striscioni, preparate soprattutto il vostro cuore e la vostra mente. Meditate bene i desideri che consegnerete a Ges\u00f9 nel Sacramento della Riconciliazione e nell\u2019Eucaristia che celebreremo insieme. Quando attraverserete la Porta Santa, ricordate che vi impegnate a rendere santa la vostra vita, a nutrirvi del Vangelo e dell\u2019Eucaristia, che sono la Parola e il Pane della vita, per poter costruire un mondo pi\u00f9 giusto e fraterno.<\/p>\n<p>Il Signore benedica ogni vostro passo verso la Porta Santa. Prego per voi lo Spirito Santo, perch\u00e9 vi guidi e vi illumini. La Vergine Maria, che \u00e8 Madre di tutti, sia per voi, per le vostre famiglie e per tutti coloro che vi aiutano a crescere in bont\u00e0 e grazia, una vera Porta della Misericordia.<\/p><\/blockquote>\n<div id=\"geo-post-1943\" class=\"geo geo-post\" style=\"display: none\"><span class=\"latitude\">37.6535869<\/span><span class=\"longitude\">14.4498936<\/span><\/div>","protected":false},"excerpt":{"rendered":"<p>All\u2019interno del Giubileo della Misericordia, Papa Francesco ha voluto anche un particolare Giubileo dei Ragazzi con i ragazzi pi\u00f9 giovani: il Giubileo dei Ragazzi. A loro Francesco ha rivolto uno&hellip;<\/p>\n","protected":false},"author":3,"featured_media":1944,"comment_status":"open","ping_status":"open","sticky":false,"template":"","format":"standard","meta":{"jetpack_post_was_ever_published":false,"_jetpack_newsletter_access":"","_jetpack_newsletter_tier_id":0,"jetpack_publicize_message":"","jetpack_is_tweetstorm":false,"jetpack_publicize_feature_enabled":true,"jetpack_social_post_already_shared":true,"jetpack_social_options":{"image_generator_settings":{"template":"highway","enabled":false}}},"categories":[5,4],"tags":[],"jetpack_publicize_connections":[],"jetpack_featured_media_url":"https:\/\/i0.wp.com\/www.parrocchianissoria.it\/wp\/wp-content\/uploads\/2016\/03\/giubileo-ragazzi.jpg?fit=800%2C1131&ssl=1","jetpack_sharing_enabled":true,"jetpack_shortlink":"https:\/\/wp.me\/p5aHFt-vl","jetpack-related-posts":[{"id":2269,"url":"https:\/\/www.parrocchianissoria.it\/index.php\/festa-regionale-delle-famiglie\/","url_meta":{"origin":1943,"position":0},"title":"Festa regionale delle famiglie\u00a0","author":"Salvatore Licata","date":"31 Luglio 2016","format":false,"excerpt":"\u200b Domenica 11 settembre 2016 in occasione del Bicentenario della Diocesi di Caltagirone nell'ambito delle iniziative del Giubileo si terr\u00e0 il Giubileo Regionale delle Famiglie,. Sar\u00e0 il primo grande evento sinodale e giubilare di tutte le famiglie siciliane, in comunione con tutti i nostri Vescovi. Il tema per questo momento\u2026","rel":"","context":"In &quot;Attivit\u00e0&quot;","block_context":{"text":"Attivit\u00e0","link":"https:\/\/www.parrocchianissoria.it\/index.php\/category\/attivita\/"},"img":{"alt_text":"","src":"https:\/\/i0.wp.com\/www.parrocchianissoria.it\/wp\/wp-content\/uploads\/2016\/07\/fb_img_1469964164173.jpg?fit=679%2C960&ssl=1&resize=350%2C200","width":350,"height":200,"srcset":"https:\/\/i0.wp.com\/www.parrocchianissoria.it\/wp\/wp-content\/uploads\/2016\/07\/fb_img_1469964164173.jpg?fit=679%2C960&ssl=1&resize=350%2C200 1x, https:\/\/i0.wp.com\/www.parrocchianissoria.it\/wp\/wp-content\/uploads\/2016\/07\/fb_img_1469964164173.jpg?fit=679%2C960&ssl=1&resize=525%2C300 1.5x"},"classes":[]},{"id":1453,"url":"https:\/\/www.parrocchianissoria.it\/index.php\/36-giornata-nazionale-per-la-vita-generare-futuro\/","url_meta":{"origin":1943,"position":1},"title":"36\u00b0 Giornata Nazionale per la vita &#8211; \u201cGenerare futuro\u201d","author":"admin","date":"28 Gennaio 2014","format":false,"excerpt":"\u201cI figli sono la pupilla dei nostri occhi\u2026 Che ne sar\u00e0 di noi se non ci prendiamo cura dei nostri occhi? Come potremo andare avanti?\u201d[1]. Cos\u00ec Papa Francesco all\u2019apertura della XXVIII Giornata Mondiale della Giovent\u00f9 ha illuminato ed esortato tutti\u00a0 alla custodia della vita, ricordando che generare ha in s\u00e9\u2026","rel":"","context":"In &quot;Pastorale&quot;","block_context":{"text":"Pastorale","link":"https:\/\/www.parrocchianissoria.it\/index.php\/category\/pastorale\/"},"img":{"alt_text":"","src":"https:\/\/i0.wp.com\/www.parrocchianissoria.it\/wp\/wp-content\/uploads\/ngg_featured\/vita3.jpg?fit=1167%2C775&ssl=1&resize=350%2C200","width":350,"height":200,"srcset":"https:\/\/i0.wp.com\/www.parrocchianissoria.it\/wp\/wp-content\/uploads\/ngg_featured\/vita3.jpg?fit=1167%2C775&ssl=1&resize=350%2C200 1x, https:\/\/i0.wp.com\/www.parrocchianissoria.it\/wp\/wp-content\/uploads\/ngg_featured\/vita3.jpg?fit=1167%2C775&ssl=1&resize=525%2C300 1.5x, https:\/\/i0.wp.com\/www.parrocchianissoria.it\/wp\/wp-content\/uploads\/ngg_featured\/vita3.jpg?fit=1167%2C775&ssl=1&resize=700%2C400 2x, https:\/\/i0.wp.com\/www.parrocchianissoria.it\/wp\/wp-content\/uploads\/ngg_featured\/vita3.jpg?fit=1167%2C775&ssl=1&resize=1050%2C600 3x"},"classes":[]},{"id":972,"url":"https:\/\/www.parrocchianissoria.it\/index.php\/il-tempo-della-mistagogia\/","url_meta":{"origin":1943,"position":2},"title":"Il Tempo della mistagogia","author":"admin","date":"2 Ottobre 2012","format":false,"excerpt":"Con la Celebrazione del Battesimo, della Confermazione e dell'Eucarestia, non \u00e8 terminato l'itinerario d'iniziazione cristiana. Inizia il tempo della Mistagogia, per poter cos\u00ec familiarizzare sempre di pi\u00f9 con la vita cristiana e con la propria comunit\u00e0 parrocchiale. Il neofita \u00e8 educato a scoprire e a crescere sempre pi\u00f9 nella grande\u2026","rel":"","context":"In &quot;Pastorale&quot;","block_context":{"text":"Pastorale","link":"https:\/\/www.parrocchianissoria.it\/index.php\/category\/pastorale\/"},"img":{"alt_text":"","src":"","width":0,"height":0},"classes":[]},{"id":1737,"url":"https:\/\/www.parrocchianissoria.it\/index.php\/37-giornata-per-la-vita\/","url_meta":{"origin":1943,"position":3},"title":"37\u00aa Giornata per la Vita","author":"admin","date":"25 Gennaio 2015","format":false,"excerpt":"SOLIDALI PER LA VITA \u00abI bambini e gli anziani costruiscono il futuro dei popoli; i bambini perch\u00e9 porteranno avanti la storia, gli anziani perch\u00e9 trasmettono l'esperienza e la saggezza della loro vita\u00bb. Queste parole ricordate da Papa Francesco[1] sollecitano un rinnovato riconoscimento della persona umana e una cura pi\u00f9 adeguata\u2026","rel":"","context":"In &quot;Liturgia&quot;","block_context":{"text":"Liturgia","link":"https:\/\/www.parrocchianissoria.it\/index.php\/category\/liturgia\/"},"img":{"alt_text":"","src":"https:\/\/i0.wp.com\/www.parrocchianissoria.it\/wp\/wp-content\/uploads\/2015\/01\/Manifesto-50x100-prova2-A3-bis.jpg?fit=1142%2C684&ssl=1&resize=350%2C200","width":350,"height":200,"srcset":"https:\/\/i0.wp.com\/www.parrocchianissoria.it\/wp\/wp-content\/uploads\/2015\/01\/Manifesto-50x100-prova2-A3-bis.jpg?fit=1142%2C684&ssl=1&resize=350%2C200 1x, https:\/\/i0.wp.com\/www.parrocchianissoria.it\/wp\/wp-content\/uploads\/2015\/01\/Manifesto-50x100-prova2-A3-bis.jpg?fit=1142%2C684&ssl=1&resize=525%2C300 1.5x, https:\/\/i0.wp.com\/www.parrocchianissoria.it\/wp\/wp-content\/uploads\/2015\/01\/Manifesto-50x100-prova2-A3-bis.jpg?fit=1142%2C684&ssl=1&resize=700%2C400 2x, https:\/\/i0.wp.com\/www.parrocchianissoria.it\/wp\/wp-content\/uploads\/2015\/01\/Manifesto-50x100-prova2-A3-bis.jpg?fit=1142%2C684&ssl=1&resize=1050%2C600 3x"},"classes":[]},{"id":1750,"url":"https:\/\/www.parrocchianissoria.it\/index.php\/tre-passi-per-il-rinnovamento-messaggio-di-papa-francesco-per-la-quaresima\/","url_meta":{"origin":1943,"position":4},"title":"Messaggio di Papa Francesco per la Quaresima","author":"admin","date":"16 Febbraio 2015","format":false,"excerpt":"Cari fratelli e sorelle, la Quaresima \u00e8 un tempo di rinnovamento per la Chiesa, le comunit\u00e0 e i singoli fedeli. Soprattutto per\u00f2 \u00e8 un \u201ctempo di grazia\u201d (2 Cor 6,2). Dio non ci chiede nulla che prima non ci abbia donato: \u201cNoi amiamo perch\u00e9 egli ci ha amati per primo\u201d\u2026","rel":"","context":"In &quot;Liturgia&quot;","block_context":{"text":"Liturgia","link":"https:\/\/www.parrocchianissoria.it\/index.php\/category\/liturgia\/"},"img":{"alt_text":"","src":"https:\/\/i0.wp.com\/www.parrocchianissoria.it\/wp\/wp-content\/uploads\/2015\/02\/Vaticano-11-gennaio-2015-Papa-Francesco-presiede-la-Santa-Messa-nel-corso-della-quale-amministra-il-Battesimo-a-33-neonati-2.jpg?fit=1194%2C796&ssl=1&resize=350%2C200","width":350,"height":200,"srcset":"https:\/\/i0.wp.com\/www.parrocchianissoria.it\/wp\/wp-content\/uploads\/2015\/02\/Vaticano-11-gennaio-2015-Papa-Francesco-presiede-la-Santa-Messa-nel-corso-della-quale-amministra-il-Battesimo-a-33-neonati-2.jpg?fit=1194%2C796&ssl=1&resize=350%2C200 1x, https:\/\/i0.wp.com\/www.parrocchianissoria.it\/wp\/wp-content\/uploads\/2015\/02\/Vaticano-11-gennaio-2015-Papa-Francesco-presiede-la-Santa-Messa-nel-corso-della-quale-amministra-il-Battesimo-a-33-neonati-2.jpg?fit=1194%2C796&ssl=1&resize=525%2C300 1.5x, https:\/\/i0.wp.com\/www.parrocchianissoria.it\/wp\/wp-content\/uploads\/2015\/02\/Vaticano-11-gennaio-2015-Papa-Francesco-presiede-la-Santa-Messa-nel-corso-della-quale-amministra-il-Battesimo-a-33-neonati-2.jpg?fit=1194%2C796&ssl=1&resize=700%2C400 2x, https:\/\/i0.wp.com\/www.parrocchianissoria.it\/wp\/wp-content\/uploads\/2015\/02\/Vaticano-11-gennaio-2015-Papa-Francesco-presiede-la-Santa-Messa-nel-corso-della-quale-amministra-il-Battesimo-a-33-neonati-2.jpg?fit=1194%2C796&ssl=1&resize=1050%2C600 3x"},"classes":[]},{"id":1740,"url":"https:\/\/www.parrocchianissoria.it\/index.php\/festival-della-giornata-per-la-vita-2015\/","url_meta":{"origin":1943,"position":5},"title":"Festival della Giornata per la Vita 2015","author":"admin","date":"25 Gennaio 2015","format":false,"excerpt":"Diocesi di Nicosia - Giornata per la Vita 2015 La Pastorale familiare e la Pastorale scolastica\u00a0della Diocesi di Nicosia, congiuntamente,\u00a0promuovono ed organizzano il \"Festival della Giornata per la Vita 2015\" dal titolo \u201cSolidali per la vita. Che mondo lasceremo ai figli e a quali figli lasceremo il mondo? \" Nell'occasione\u2026","rel":"","context":"In &quot;Attivit\u00e0&quot;","block_context":{"text":"Attivit\u00e0","link":"https:\/\/www.parrocchianissoria.it\/index.php\/category\/attivita\/"},"img":{"alt_text":"","src":"https:\/\/i0.wp.com\/www.parrocchianissoria.it\/wp\/wp-content\/uploads\/2015\/01\/locandina-GpV.jpg?fit=1200%2C654&ssl=1&resize=350%2C200","width":350,"height":200,"srcset":"https:\/\/i0.wp.com\/www.parrocchianissoria.it\/wp\/wp-content\/uploads\/2015\/01\/locandina-GpV.jpg?fit=1200%2C654&ssl=1&resize=350%2C200 1x, https:\/\/i0.wp.com\/www.parrocchianissoria.it\/wp\/wp-content\/uploads\/2015\/01\/locandina-GpV.jpg?fit=1200%2C654&ssl=1&resize=525%2C300 1.5x, https:\/\/i0.wp.com\/www.parrocchianissoria.it\/wp\/wp-content\/uploads\/2015\/01\/locandina-GpV.jpg?fit=1200%2C654&ssl=1&resize=700%2C400 2x, https:\/\/i0.wp.com\/www.parrocchianissoria.it\/wp\/wp-content\/uploads\/2015\/01\/locandina-GpV.jpg?fit=1200%2C654&ssl=1&resize=1050%2C600 3x"},"classes":[]}],"jetpack_likes_enabled":true,"_links":{"self":[{"href":"https:\/\/www.parrocchianissoria.it\/index.php\/wp-json\/wp\/v2\/posts\/1943"}],"collection":[{"href":"https:\/\/www.parrocchianissoria.it\/index.php\/wp-json\/wp\/v2\/posts"}],"about":[{"href":"https:\/\/www.parrocchianissoria.it\/index.php\/wp-json\/wp\/v2\/types\/post"}],"author":[{"embeddable":true,"href":"https:\/\/www.parrocchianissoria.it\/index.php\/wp-json\/wp\/v2\/users\/3"}],"replies":[{"embeddable":true,"href":"https:\/\/www.parrocchianissoria.it\/index.php\/wp-json\/wp\/v2\/comments?post=1943"}],"version-history":[{"count":4,"href":"https:\/\/www.parrocchianissoria.it\/index.php\/wp-json\/wp\/v2\/posts\/1943\/revisions"}],"predecessor-version":[{"id":1960,"href":"https:\/\/www.parrocchianissoria.it\/index.php\/wp-json\/wp\/v2\/posts\/1943\/revisions\/1960"}],"wp:featuredmedia":[{"embeddable":true,"href":"https:\/\/www.parrocchianissoria.it\/index.php\/wp-json\/wp\/v2\/media\/1944"}],"wp:attachment":[{"href":"https:\/\/www.parrocchianissoria.it\/index.php\/wp-json\/wp\/v2\/media?parent=1943"}],"wp:term":[{"taxonomy":"category","embeddable":true,"href":"https:\/\/www.parrocchianissoria.it\/index.php\/wp-json\/wp\/v2\/categories?post=1943"},{"taxonomy":"post_tag","embeddable":true,"href":"https:\/\/www.parrocchianissoria.it\/index.php\/wp-json\/wp\/v2\/tags?post=1943"}],"curies":[{"name":"wp","href":"https:\/\/api.w.org\/{rel}","templated":true}]}}