{"id":1627,"date":"2014-12-27T12:16:30","date_gmt":"2014-12-27T11:16:30","guid":{"rendered":"http:\/\/www.parrocchianissoria.it\/?p=1627"},"modified":"2015-01-08T10:26:04","modified_gmt":"2015-01-08T09:26:04","slug":"santa-famiglia-di-gesu-maria-e-giuseppe","status":"publish","type":"post","link":"https:\/\/www.parrocchianissoria.it\/index.php\/santa-famiglia-di-gesu-maria-e-giuseppe\/","title":{"rendered":"Santa Famiglia di Ges\u00f9, Maria e Giuseppe"},"content":{"rendered":"<p>La festa della Sacra Famiglia ci ricorda che la nascita del Salvatore avviene in un contesto familiare in cui viene accolto il mistero del Dio fatto uomo. Attraverso il grembo di Maria e le cure di Giuseppe, Ges\u00f9 diviene membro dell\u2019umana famiglia (Preghiera Colletta) e rivela il senso profondo della vita quale \u201cdono\u201d e \u201cmistero\u201d che ha in Dio la sua sorgente e il suo culmine. La <em>Presentazione di Ges\u00f9 al Tempio<\/em> dipinta da Giovanni Bellini e conservata a Venezia, presenta il momento culminante del racconto evangelico in cui si narra che i genitori di Ges\u00f9, trascorsi i quaranta giorni dal parto, portarono il bambino al Tempio di Gerusalemme per presentarlo al Signore (cf. <a class=\"bibbietta highslide\" href=\"http:\/\/www.bibbiaedu.it\/bibbia2008\/Lc%202%2C22-35%26layout%3D3%26hs%3d2\">Lc 2,22-35<\/a>). I personaggi sono dipinti su uno sfondo scuro e a mezzobusto, separati dall\u2019osservatore soltanto da una finta cornice di marmo alla quale la Madonna appoggia il gomito destro. Il modello seguito dall\u2019artista sembra essere quello di alcune epigrafi funerarie romane. Questa sensazione \u00e8 confermata e accentuata dalla figura del bambino Ges\u00f9 che \u00e8 avvolto in fasce, simile a un defunto, e che ha il capo coperto da un cappuccio rosso, probabile simbolo della passione. Al centro Bellini dipinge Maria, Giuseppe e il vecchio Simeone. Per conferire profondit\u00e0 alla scena e meglio organizzare lo spazio, l\u2019artista dipinge il Bambino come appoggiato su un davanzale, un possibile riferimento all\u2019altare e al sepolcro. Il silenzio avvolge la scena, fatta di contemplazione e di consapevolezza. Dagli sguardi che si scambiano la Madonna e il vegliardo Simeone si coglie il contenuto del loro dialogo: \u201cOra lascia, o Signore, che il tuo servo vada in pace\u2026e anche a te una spada trafigger\u00e0 l\u2019anima\u201d (cf. <a class=\"bibbietta highslide\" href=\"http:\/\/www.bibbiaedu.it\/bibbia2008\/Lc%202%2C29%26layout%3D3%26hs%3d2\">Lc 2,29<\/a>.<a class=\"bibbietta highslide\" href=\"http:\/\/www.bibbiaedu.it\/bibbia2008\/Lc%202%2C35%26layout%3D3%26hs%3d2\">35<\/a>). Maria e Giuseppe partecipano alla passione del Figlio e accogliendolo si fanno essi stessi strumenti docili per la realizzazione della salvezza; con la loro obbedienza, poi, pongono sull\u2019altare del sacrificio le loro esistenze come oblazione santa e gradita a Dio.<br \/>\nI genitori portavano il bambino Ges\u00f9 al Tempio per fare ci\u00f2 che la Legge prescriveva a suo riguardo. Essi adempiono ogni cosa secondo la Legge del Signore perch\u00e9 pienamente coscienti di essere essi stessi parte di una grande storia di salvezza, depositari di un dono e custodi di un mistero pi\u00f9 grande di loro. \u00abMaria e Giuseppe \u2013 ha detto papa Francesco nell\u2019ottobre del 2013 rivolgendosi alle famiglie venute in pellegrinaggio a san Pietro per l\u2019anno della fede -, sono la Famiglia santificata dalla presenza di Ges\u00f9, che \u00e8 il compimento di tutte le promesse\u00bb. Le famiglie cristiane, continuava, cos\u00ec come la famiglia di Nazareth, sono inserite nella storia di un popolo e sono custodi di una memoria. Ciascuna famiglia se ha Ges\u00f9 al centro, mantiene la memoria della sua origine divina, la comunione trinitaria, della sua missione nel mondo, cio\u00e8 essere sacramento dell\u2019amore di Dio per l\u2019uomo, e della sua destinazione, ovvero la partecipazione escatologica alla vita divina del Padre, del Figlio e dello Spirito.<br \/>\nBellini, investigando con molte sfumature il tema dell\u2019amore tra la Madre e il Figlio, dipinge Maria la quale tiene stretto a s\u00e9 quel Figlio che tuttavia consegna alle mani del sacerdote perch\u00e9 si compia la volont\u00e0 di Dio. Anche Giuseppe, in secondo piano, assiste al passaggio di Ges\u00f9 dalle mani della Madonna a quelle del sommo sacerdote, in un gesto che esprime la consegna del Figlio da parte del Padre e la consegna del Figlio al Padre e al mondo sulla croce. Lo sfondo scuro favorisce l\u2019assoluta concentrazione dello sguardo sui personaggi raffigurati. Nessun elemento architettonico o paesaggistico pu\u00f2 distrarre dall\u2019evento che in quell\u2019istante si sta compiendo. L\u2019artista riesce a rendere la forte umanit\u00e0 che si palesa nei gesti, nella posizione dei volti e soprattutto negli sguardi che si scambiano i diversi personaggi.<br \/>\nMaria e Giuseppe, in particolare, chinano il capo dinanzi al mistero. Sono consapevoli di ci\u00f2 che Dio chiedeva loro e senza indugio, con la trepidazione del cuore e con l\u2019adesione dello spirito, pronunciano il loro s\u00ec a Dio. Tutto ci\u00f2 riceve nuova luce se rileggiamo il n. 23 della <em>Relatio Synodi<\/em>della recente assemblea generale del Sinodo dei Vescovi sulla Famiglia: \u00abLa Santa Famiglia di Nazareth ne \u00e8 il modello mirabile, alla cui scuola noi \u201ccomprendiamo perch\u00e9 dobbiamo tenere una disciplina spirituale, se vogliamo seguire la dottrina del Vangelo e diventare discepoli del Cristo\u201d (Paolo VI, <em>Discorso a Nazareth<\/em>, 5 gennaio 1964). Il Vangelo della famiglia, nutre pure quei semi che ancora attendono di maturare, e deve curare quegli alberi che si sono inariditi e necessitano di non essere trascurati\u00bb.<\/p>\n","protected":false},"excerpt":{"rendered":"<p>La festa della Sacra Famiglia ci ricorda che la nascita del Salvatore avviene in un contesto familiare in cui viene accolto il mistero del Dio fatto uomo. Attraverso il grembo&hellip;<\/p>\n","protected":false},"author":1,"featured_media":1628,"comment_status":"open","ping_status":"open","sticky":false,"template":"","format":"standard","meta":{"jetpack_post_was_ever_published":false,"_jetpack_newsletter_access":"","_jetpack_newsletter_tier_id":0,"jetpack_publicize_message":"","jetpack_is_tweetstorm":false,"jetpack_publicize_feature_enabled":true,"jetpack_social_post_already_shared":true,"jetpack_social_options":{"image_generator_settings":{"template":"highway","enabled":false}}},"categories":[15,45],"tags":[],"jetpack_publicize_connections":[],"jetpack_featured_media_url":"https:\/\/i0.wp.com\/www.parrocchianissoria.it\/wp\/wp-content\/uploads\/2014\/12\/santa_famiglia.jpg?fit=955%2C532&ssl=1","jetpack_sharing_enabled":true,"jetpack_shortlink":"https:\/\/wp.me\/p5aHFt-qf","jetpack-related-posts":[{"id":1896,"url":"https:\/\/www.parrocchianissoria.it\/index.php\/festa-del-santo-patrono\/","url_meta":{"origin":1627,"position":0},"title":"Festa del Santo Patrono","author":"admin","date":"27 Luglio 2015","format":false,"excerpt":"A te, o beato Giuseppe, stretti dalla tribolazione, ricorriamo, e fiduciosi invochiamo il tuo patrocinio, dopo quello della tua santissima sposa. Per, quel sacro vincolo di carit\u00e0, che ti strinse all'Immacolata Vergine Maria, Madre di Dio, e per l'amore paterno che portasti al fanciullo Ges\u00f9, riguarda, te ne preghiamo, con\u2026","rel":"","context":"In &quot;Attivit\u00e0&quot;","block_context":{"text":"Attivit\u00e0","link":"https:\/\/www.parrocchianissoria.it\/index.php\/category\/attivita\/"},"img":{"alt_text":"","src":"https:\/\/i0.wp.com\/www.parrocchianissoria.it\/wp\/wp-content\/uploads\/2015\/07\/Image-11.png?fit=450%2C338&ssl=1&resize=350%2C200","width":350,"height":200},"classes":[]},{"id":1623,"url":"https:\/\/www.parrocchianissoria.it\/index.php\/natale-del-signore\/","url_meta":{"origin":1627,"position":1},"title":"Natale del Signore","author":"admin","date":"23 Dicembre 2014","format":"image","excerpt":"\u00abSe tutto un infinito \/ ha potuto raccogliersi in un Corpo \/ come da un corpo \/ disprigionare non si pu\u00f2 l\u2019immenso?\u00bb, si chiedeva Alda Merini in uno dei suoi Piccoli canti in cui contemplava il mistero del Dio fatto uomo. Un altro poeta, Novalis, in uno dei suoi Canti\u2026","rel":"","context":"In &quot;Liturgia&quot;","block_context":{"text":"Liturgia","link":"https:\/\/www.parrocchianissoria.it\/index.php\/category\/liturgia\/"},"img":{"alt_text":"","src":"https:\/\/i0.wp.com\/www.parrocchianissoria.it\/wp\/wp-content\/uploads\/2014\/12\/Ghirlandaio_Nativita.jpg?fit=797%2C495&ssl=1&resize=350%2C200","width":350,"height":200,"srcset":"https:\/\/i0.wp.com\/www.parrocchianissoria.it\/wp\/wp-content\/uploads\/2014\/12\/Ghirlandaio_Nativita.jpg?fit=797%2C495&ssl=1&resize=350%2C200 1x, https:\/\/i0.wp.com\/www.parrocchianissoria.it\/wp\/wp-content\/uploads\/2014\/12\/Ghirlandaio_Nativita.jpg?fit=797%2C495&ssl=1&resize=525%2C300 1.5x, https:\/\/i0.wp.com\/www.parrocchianissoria.it\/wp\/wp-content\/uploads\/2014\/12\/Ghirlandaio_Nativita.jpg?fit=797%2C495&ssl=1&resize=700%2C400 2x"},"classes":[]},{"id":1543,"url":"https:\/\/www.parrocchianissoria.it\/index.php\/avvento-2014\/","url_meta":{"origin":1627,"position":2},"title":"I Domenica di Avvento","author":"admin","date":"26 Novembre 2014","format":false,"excerpt":"\"Vagliate ogni cosa e tenete ci\u00f2 che \u00e8 buono\" (1 Ts 5,16-24) \u00abTutti siamo avvizziti come foglie,\u2028le nostre iniquit\u00e0 ci hanno portato via come il vento.\u2028Nessuno invocava il tuo nome,\u2028nessuno si risvegliava per stringersi a te\u00bb (Is 64,5-6) confessa con amarezza Isaia nella Prima Lettura di questa Domenica introduttiva al\u2026","rel":"","context":"In &quot;Avvento&quot;","block_context":{"text":"Avvento","link":"https:\/\/www.parrocchianissoria.it\/index.php\/category\/avvento\/"},"img":{"alt_text":"","src":"https:\/\/i0.wp.com\/www.parrocchianissoria.it\/wp\/wp-content\/uploads\/Avvento\/i_avvento.jpg?fit=1087%2C642&ssl=1&resize=350%2C200","width":350,"height":200,"srcset":"https:\/\/i0.wp.com\/www.parrocchianissoria.it\/wp\/wp-content\/uploads\/Avvento\/i_avvento.jpg?fit=1087%2C642&ssl=1&resize=350%2C200 1x, https:\/\/i0.wp.com\/www.parrocchianissoria.it\/wp\/wp-content\/uploads\/Avvento\/i_avvento.jpg?fit=1087%2C642&ssl=1&resize=525%2C300 1.5x, https:\/\/i0.wp.com\/www.parrocchianissoria.it\/wp\/wp-content\/uploads\/Avvento\/i_avvento.jpg?fit=1087%2C642&ssl=1&resize=700%2C400 2x, https:\/\/i0.wp.com\/www.parrocchianissoria.it\/wp\/wp-content\/uploads\/Avvento\/i_avvento.jpg?fit=1087%2C642&ssl=1&resize=1050%2C600 3x"},"classes":[]},{"id":1577,"url":"https:\/\/www.parrocchianissoria.it\/index.php\/immacolata-concezione\/","url_meta":{"origin":1627,"position":3},"title":"Immacolata Concezione","author":"admin","date":"7 Dicembre 2014","format":false,"excerpt":"Secondo le parole della preghiera recitata da papa Francesco dinanzi alla statua dell\u2019Immacolata a Piazza di Spagna nel dicembre 2013, contemplare Maria Immacolata non comporta affatto distogliere lo sguardo dal mondo e dalle sue ferite, ma vuol dire piuttosto riconoscere in Lei quella creatura umana che ci aiuta a non\u2026","rel":"","context":"In &quot;Avvento&quot;","block_context":{"text":"Avvento","link":"https:\/\/www.parrocchianissoria.it\/index.php\/category\/avvento\/"},"img":{"alt_text":"","src":"https:\/\/i0.wp.com\/www.parrocchianissoria.it\/wp\/wp-content\/uploads\/2014\/12\/ImmacolataConcezione_int.jpg?fit=909%2C609&ssl=1&resize=350%2C200","width":350,"height":200,"srcset":"https:\/\/i0.wp.com\/www.parrocchianissoria.it\/wp\/wp-content\/uploads\/2014\/12\/ImmacolataConcezione_int.jpg?fit=909%2C609&ssl=1&resize=350%2C200 1x, https:\/\/i0.wp.com\/www.parrocchianissoria.it\/wp\/wp-content\/uploads\/2014\/12\/ImmacolataConcezione_int.jpg?fit=909%2C609&ssl=1&resize=525%2C300 1.5x, https:\/\/i0.wp.com\/www.parrocchianissoria.it\/wp\/wp-content\/uploads\/2014\/12\/ImmacolataConcezione_int.jpg?fit=909%2C609&ssl=1&resize=700%2C400 2x"},"classes":[]},{"id":1574,"url":"https:\/\/www.parrocchianissoria.it\/index.php\/ii-domenica-di-avvento\/","url_meta":{"origin":1627,"position":4},"title":"II domenica di Avvento","author":"admin","date":"5 Dicembre 2014","format":false,"excerpt":"Il Giovanni Battista realizzato da Donatello a met\u00e0 del \u2018400 e posto nel Duomo di Siena, ha poco o nulla a che fare con quanto proposta da artisti come Leonardo, Bronzino, Cima da Conegliano e molti altri, perch\u00e9 \u00e8 un personaggio che risponde perfettamente alla descrizione che ne fa il\u2026","rel":"","context":"In &quot;Avvento&quot;","block_context":{"text":"Avvento","link":"https:\/\/www.parrocchianissoria.it\/index.php\/category\/avvento\/"},"img":{"alt_text":"","src":"https:\/\/i0.wp.com\/www.parrocchianissoria.it\/wp\/wp-content\/uploads\/2014\/12\/ii_avvento1.jpg?fit=672%2C404&ssl=1&resize=350%2C200","width":350,"height":200,"srcset":"https:\/\/i0.wp.com\/www.parrocchianissoria.it\/wp\/wp-content\/uploads\/2014\/12\/ii_avvento1.jpg?fit=672%2C404&ssl=1&resize=350%2C200 1x, https:\/\/i0.wp.com\/www.parrocchianissoria.it\/wp\/wp-content\/uploads\/2014\/12\/ii_avvento1.jpg?fit=672%2C404&ssl=1&resize=525%2C300 1.5x"},"classes":[]},{"id":1943,"url":"https:\/\/www.parrocchianissoria.it\/index.php\/giubileo-dei-ragazzi-a-roma\/","url_meta":{"origin":1627,"position":5},"title":"Giubileo dei ragazzi a Roma","author":"Salvatore Licata","date":"13 Marzo 2016","format":false,"excerpt":"All\u2019interno del Giubileo della Misericordia, Papa Francesco ha voluto anche un particolare Giubileo dei Ragazzi con i ragazzi pi\u00f9 giovani: il Giubileo dei Ragazzi. A loro Francesco ha rivolto uno specifico messaggio per invitarli a Roma. Il programma prevede: Scarica la Scheda di iscrizione per ogni singolo partecipante Le iscrizioni\u2026","rel":"","context":"In &quot;Attivit\u00e0&quot;","block_context":{"text":"Attivit\u00e0","link":"https:\/\/www.parrocchianissoria.it\/index.php\/category\/attivita\/"},"img":{"alt_text":"","src":"https:\/\/i0.wp.com\/www.parrocchianissoria.it\/wp\/wp-content\/uploads\/2016\/03\/giubileo-ragazzi.jpg?fit=800%2C1131&ssl=1&resize=350%2C200","width":350,"height":200,"srcset":"https:\/\/i0.wp.com\/www.parrocchianissoria.it\/wp\/wp-content\/uploads\/2016\/03\/giubileo-ragazzi.jpg?fit=800%2C1131&ssl=1&resize=350%2C200 1x, https:\/\/i0.wp.com\/www.parrocchianissoria.it\/wp\/wp-content\/uploads\/2016\/03\/giubileo-ragazzi.jpg?fit=800%2C1131&ssl=1&resize=525%2C300 1.5x, https:\/\/i0.wp.com\/www.parrocchianissoria.it\/wp\/wp-content\/uploads\/2016\/03\/giubileo-ragazzi.jpg?fit=800%2C1131&ssl=1&resize=700%2C400 2x"},"classes":[]}],"jetpack_likes_enabled":true,"_links":{"self":[{"href":"https:\/\/www.parrocchianissoria.it\/index.php\/wp-json\/wp\/v2\/posts\/1627"}],"collection":[{"href":"https:\/\/www.parrocchianissoria.it\/index.php\/wp-json\/wp\/v2\/posts"}],"about":[{"href":"https:\/\/www.parrocchianissoria.it\/index.php\/wp-json\/wp\/v2\/types\/post"}],"author":[{"embeddable":true,"href":"https:\/\/www.parrocchianissoria.it\/index.php\/wp-json\/wp\/v2\/users\/1"}],"replies":[{"embeddable":true,"href":"https:\/\/www.parrocchianissoria.it\/index.php\/wp-json\/wp\/v2\/comments?post=1627"}],"version-history":[{"count":1,"href":"https:\/\/www.parrocchianissoria.it\/index.php\/wp-json\/wp\/v2\/posts\/1627\/revisions"}],"predecessor-version":[{"id":1629,"href":"https:\/\/www.parrocchianissoria.it\/index.php\/wp-json\/wp\/v2\/posts\/1627\/revisions\/1629"}],"wp:featuredmedia":[{"embeddable":true,"href":"https:\/\/www.parrocchianissoria.it\/index.php\/wp-json\/wp\/v2\/media\/1628"}],"wp:attachment":[{"href":"https:\/\/www.parrocchianissoria.it\/index.php\/wp-json\/wp\/v2\/media?parent=1627"}],"wp:term":[{"taxonomy":"category","embeddable":true,"href":"https:\/\/www.parrocchianissoria.it\/index.php\/wp-json\/wp\/v2\/categories?post=1627"},{"taxonomy":"post_tag","embeddable":true,"href":"https:\/\/www.parrocchianissoria.it\/index.php\/wp-json\/wp\/v2\/tags?post=1627"}],"curies":[{"name":"wp","href":"https:\/\/api.w.org\/{rel}","templated":true}]}}