{"id":1623,"date":"2014-12-23T09:07:21","date_gmt":"2014-12-23T08:07:21","guid":{"rendered":"http:\/\/www.parrocchianissoria.it\/?p=1623"},"modified":"2014-12-29T12:19:41","modified_gmt":"2014-12-29T11:19:41","slug":"natale-del-signore","status":"publish","type":"post","link":"https:\/\/www.parrocchianissoria.it\/index.php\/natale-del-signore\/","title":{"rendered":"Natale del Signore"},"content":{"rendered":"<p>\u00abSe tutto un infinito \/ ha potuto raccogliersi in un Corpo \/ come da un corpo \/ disprigionare non si pu\u00f2 l\u2019immenso?\u00bb, si chiedeva Alda Merini in uno dei suoi Piccoli canti in cui contemplava il mistero del Dio fatto uomo. Un altro poeta, Novalis, in uno dei suoi Canti spirituali chiede a Dio il dono di Cristo con una preghiera che si fa invocazione accorata: \u00ab\u2026lascialo uscire dalle tue braccia\u2026Spingilo fuori fra le nostre braccia\u2026lascialo scendere quaggi\u00f9\u2026percorra il nostro edificio terreno\u2026La terra muove, cresce e vive, \/ ogni cosa anela piena di spirito \/ ad accogliere amorosa il Salvatore \/ e intero gli offre il proprio cuore\u00bb. La Parola eterna di Dio, fattasi carne in Cristo Ges\u00f9, ora \u00e8 la Parola proclamata dalla Chiesa. Come prese dimora in Maria che l\u2019accolse nel suo seno, cos\u00ec, oggi, prende dimora anche nel cuore del credente che l\u2019ascolta. Questo mistero \u00e8 stato scolpito negli anni \u201960 del Duecento da Nicola Pisano nel pulpito del Duomo di Siena, famoso anche per il suo splendido pavimento in cui gli artisti hanno voluto dare voce alla sapienza umana, ai semina Verbi sparsi nella storia del mondo. Rispetto al precedente pulpito realizzato dallo stesso artista per il battistero del Duomo di Pisa, ultimato nel 1260, quello di Siena presenta importanti differenze non solo architettoniche e strutturali, ma anche stilistiche.<br \/>\nNel pulpito senese, ad esempio, le scene sono molto affollate e i personaggi, spesso colti in pose e in atteggiamenti perfino convulsi, sono disposti su diversi piani sovrapposti che conferiscono un maggiore realismo prospettico alla rappresentazione. Il tutto pu\u00f2 apparire a prima vista confuso, ma in realt\u00e0 la ricchezza e la variet\u00e0 delle pose, dei gesti e delle espressioni aiuta a comprendere meglio come il mistero dell\u2019Incarnazione sia avvenuto nel tempo e nello spazio, in quel tempo e in quello spazio ben precisi di cui ci parlano i vangeli. Si potrebbe dire che si \u00e8 realizzato nella confusione e nel caos della storia e nel bel mezzo del movimento inarrestabile del mondo e degli eventi; nella \u201cferialit\u00e0\u201d e nell\u2019anonimit\u00e0 della storia degli uomini. L\u2019Incarnazione, infatti, non \u00e8 la sospensione della storia, n\u00e9 \u00e8 una pausa o un intervallo sacro che s\u2019incunea nello scorrere indifferente e ininterrotto della storia profana, ma \u00e8 il mistero di Dio che \u00e8 entrato nella carne e nel tessuto del mondo, nelle pieghe della storia e nel flusso del tempo, per dare pienezza e senso a tutte le cose, per donare vita e salvezza all\u2019uomo e all\u2019universo intero. La nascita di Cristo, pertanto, avviene dentro la storia comune degli uomini. Per questo Giovanni nella sua Prima Lettera pu\u00f2 affermare che la sua missione consiste nell\u2019annunziare \u00abci\u00f2 che era fin dal principio, ci\u00f2 che noi abbiamo udito, ci\u00f2 che noi abbiamo veduto con il nostro occhi, ci\u00f2 che noi abbiamo contemplato e ci\u00f2 che le nostre mani hanno toccato, ossia il Verbo della vita (poich\u00e9 la vita si \u00e8 fatta visibile)\u00bb (1Gv 1,1-2). Quella Gloria del Figlio unigenito \u201cche viene dal Padre, pieno di grazia e di verit\u00e0\u201d (cf. Gv 1,14) si \u00e8 manifestata agli uomini e dunque pu\u00f2 e deve essere annunciata affinch\u00e9 tutti gli uomini abbiano in Cristo \u00abe grazia su grazia\u00bb (Gv 1,16).<br \/>\nNel Natale del 1978, nel suo primo messaggio Urbi et Orbi, Giovanni Paolo II usava parole che ancora oggi risuonano nella loro assoluta attualit\u00e0 soprattutto in riferimento al convegno ecclesiale di Firenze: \u00abQuesto messaggio lo rivolgo ad ogni uomo; all\u2019uomo; all\u2019uomo, nella sua umanit\u00e0. Natale \u00e8 la festa dell\u2019uomo. Nasce l\u2019Uomo. Uno dei miliardi di uomini che sono nati, nascono e nasceranno sulla terra. L\u2019uomo, un elemento componente della grande statistica. Non a caso Ges\u00f9 \u00e8 venuto al mondo nel periodo del censimento; quando un imperatore romano voleva sapere quanti sudditi contasse il suo paese. L\u2019uomo, oggetto del calcolo, considerato sotto la categoria della quantit\u00e0; uno fra miliardi. E nello stesso tempo, uno, unico e irripetibile. Se noi celebriamo cos\u00ec solennemente la nascita di Ges\u00f9, lo facciamo per testimoniare che ogni uomo \u00e8 qualcuno, unico e irripetibile. [Per Dio] e di fronte a lui, l\u2019uomo \u00e8 sempre unico e irripetibile; qualcuno eternamente ideato ed eternamente prescelto; qualcuno chiamato e denominato con il proprio nome\u00bb. Lo sguardo che contempla il Bambino Ges\u00f9 nato a Betlemme di Giudea, contiene in s\u00e9 anche l\u2019uomo fatto a immagine e somiglianza di Dio, creato e ricreato a immagine di Cristo, l\u2019uomo nuovo, l\u2019uomo ultimo. \u00c8 uno sguardo che riconosce in Maria la creatura pi\u00f9 bella perch\u00e9 pi\u00f9 somigliante al suo Figlio Ges\u00f9: \u00abSe tu non fossi stata, in tua fattura, \/ solo umilt\u00e0, &#8211; come poteva, o Donna, \/ accader l\u2019ineffabile prodigio, \/ che illumina la Notte all\u2019improvviso?\u2026Ma il Bimbo che ti splende, ora, nel grembo, \/ (domani lo saprai!) conduce e dona \/ la Gioia che non passa e che si eterna\u00bb, scrive infatti Rainer Maria Rilke ne La nascita di Ges\u00f9.<\/p>\n","protected":false},"excerpt":{"rendered":"<p>\u00abSe tutto un infinito \/ ha potuto raccogliersi in un Corpo \/ come da un corpo \/ disprigionare non si pu\u00f2 l\u2019immenso?\u00bb, si chiedeva Alda Merini in uno dei suoi&hellip;<\/p>\n","protected":false},"author":1,"featured_media":1624,"comment_status":"open","ping_status":"open","sticky":false,"template":"","format":"image","meta":{"jetpack_post_was_ever_published":false,"_jetpack_newsletter_access":"","_jetpack_newsletter_tier_id":0,"jetpack_publicize_message":"","jetpack_is_tweetstorm":false,"jetpack_publicize_feature_enabled":true,"jetpack_social_post_already_shared":true,"jetpack_social_options":{"image_generator_settings":{"template":"highway","enabled":false}}},"categories":[15,45],"tags":[18,6,16,7,35,25],"jetpack_publicize_connections":[],"jetpack_featured_media_url":"https:\/\/i0.wp.com\/www.parrocchianissoria.it\/wp\/wp-content\/uploads\/2014\/12\/Ghirlandaio_Nativita.jpg?fit=797%2C495&ssl=1","jetpack_sharing_enabled":true,"jetpack_shortlink":"https:\/\/wp.me\/p5aHFt-qb","jetpack-related-posts":[{"id":1361,"url":"https:\/\/www.parrocchianissoria.it\/index.php\/liturgia-della-parola-ii-dopo-natale\/","url_meta":{"origin":1623,"position":0},"title":"Liturgia della Parola &#8211; II Dopo Natale","author":"admin","date":"7 Gennaio 2014","format":false,"excerpt":"1 Lettura: \u00a0Sir 24, 1-2.8-12 Sal 147: \u201cIl Verbo si \u00e8 fatto carne e ha posto la sua dimora in mezzo a noi\u201d. 2 Lettura: Ef 1, 3-6.15-18 Vangelo di Giovanni \u00a01, 1-18 Liturgia delle Ore: ufficio della domenica II settimana del salterio Vangelo\u00a0\u00a0Gv 1,1-18 Il Verbo si fece carne\u2026","rel":"","context":"In &quot;Liturgia&quot;","block_context":{"text":"Liturgia","link":"https:\/\/www.parrocchianissoria.it\/index.php\/category\/liturgia\/"},"img":{"alt_text":"","src":"https:\/\/i0.wp.com\/www.parrocchianissoria.it\/wp\/wp-content\/uploads\/2014\/01\/p010_0_00_01.jpg?fit=363%2C227&ssl=1&resize=350%2C200","width":350,"height":200},"classes":[]},{"id":1644,"url":"https:\/\/www.parrocchianissoria.it\/index.php\/benedizione-degli-sposi\/","url_meta":{"origin":1623,"position":1},"title":"Benedizione degli sposi","author":"admin","date":"8 Gennaio 2015","format":"image","excerpt":"Noi come sposi, siamo segni dell'amore e della fedelt\u00e0 che Dio ha nei confronti del suo popolo. Dio \u00e8 Fedele con Abramo: nel giorno del nostro matrimonio abbiamo promesso reciprocamente: \u201cCon la grazia di Cristo prometto di esserti fedele sempre, nella gioia e nel dolore, nella salute e nella malattia,\u2026","rel":"","context":"In &quot;Liturgia&quot;","block_context":{"text":"Liturgia","link":"https:\/\/www.parrocchianissoria.it\/index.php\/category\/liturgia\/"},"img":{"alt_text":"","src":"https:\/\/i0.wp.com\/www.parrocchianissoria.it\/wp\/wp-content\/uploads\/2015\/01\/copertina.jpg?fit=1024%2C558&ssl=1&resize=350%2C200","width":350,"height":200,"srcset":"https:\/\/i0.wp.com\/www.parrocchianissoria.it\/wp\/wp-content\/uploads\/2015\/01\/copertina.jpg?fit=1024%2C558&ssl=1&resize=350%2C200 1x, https:\/\/i0.wp.com\/www.parrocchianissoria.it\/wp\/wp-content\/uploads\/2015\/01\/copertina.jpg?fit=1024%2C558&ssl=1&resize=525%2C300 1.5x, https:\/\/i0.wp.com\/www.parrocchianissoria.it\/wp\/wp-content\/uploads\/2015\/01\/copertina.jpg?fit=1024%2C558&ssl=1&resize=700%2C400 2x"},"classes":[]},{"id":1580,"url":"https:\/\/www.parrocchianissoria.it\/index.php\/iii-domenica-di-avvento\/","url_meta":{"origin":1623,"position":2},"title":"III domenica di Avvento","author":"admin","date":"12 Dicembre 2014","format":false,"excerpt":"In uno degli affreschi realizzati da Domenico Zampieri, detto Domenichino, nella Chiesa di Sant\u2019Andrea della Valle a Roma nella prima met\u00e0 del \u2018600, Giovanni Battista \u00e8 ricoperto da un mantello rosso, un chiaro rimando alla sua testimonianza sino al martirio, ed ha ai suoi piedi un agnello. Con il braccio\u2026","rel":"","context":"In &quot;Avvento&quot;","block_context":{"text":"Avvento","link":"https:\/\/www.parrocchianissoria.it\/index.php\/category\/avvento\/"},"img":{"alt_text":"","src":"https:\/\/i0.wp.com\/www.parrocchianissoria.it\/wp\/wp-content\/uploads\/2014\/12\/iii_avvento.jpg?fit=1100%2C715&ssl=1&resize=350%2C200","width":350,"height":200,"srcset":"https:\/\/i0.wp.com\/www.parrocchianissoria.it\/wp\/wp-content\/uploads\/2014\/12\/iii_avvento.jpg?fit=1100%2C715&ssl=1&resize=350%2C200 1x, https:\/\/i0.wp.com\/www.parrocchianissoria.it\/wp\/wp-content\/uploads\/2014\/12\/iii_avvento.jpg?fit=1100%2C715&ssl=1&resize=525%2C300 1.5x, https:\/\/i0.wp.com\/www.parrocchianissoria.it\/wp\/wp-content\/uploads\/2014\/12\/iii_avvento.jpg?fit=1100%2C715&ssl=1&resize=700%2C400 2x, https:\/\/i0.wp.com\/www.parrocchianissoria.it\/wp\/wp-content\/uploads\/2014\/12\/iii_avvento.jpg?fit=1100%2C715&ssl=1&resize=1050%2C600 3x"},"classes":[]},{"id":1551,"url":"https:\/\/www.parrocchianissoria.it\/index.php\/avvento-2014-2\/","url_meta":{"origin":1623,"position":3},"title":"Avvento 2014","author":"admin","date":"26 Novembre 2014","format":false,"excerpt":"Risuoner\u00e0 ancora nel cuore del prossimo Avvento la parola potente dell'Apostolo Paolo: \u00abSiate sempre lieti, pregate ininterrottamente, in ogni cosa rendete grazie\u00bb. (1Ts 5,16-18) Un invito che appare paradossale oggi, in un mondo cos\u00ec segnato da contraddizioni e violenze; ma non era in effetti molto pi\u00f9 pacifico il mondo antico,\u2026","rel":"","context":"In &quot;Attivit\u00e0&quot;","block_context":{"text":"Attivit\u00e0","link":"https:\/\/www.parrocchianissoria.it\/index.php\/category\/attivita\/"},"img":{"alt_text":"","src":"https:\/\/i0.wp.com\/www.parrocchianissoria.it\/wp\/wp-content\/uploads\/2014\/11\/madonna.jpg?fit=1133%2C691&ssl=1&resize=350%2C200","width":350,"height":200,"srcset":"https:\/\/i0.wp.com\/www.parrocchianissoria.it\/wp\/wp-content\/uploads\/2014\/11\/madonna.jpg?fit=1133%2C691&ssl=1&resize=350%2C200 1x, https:\/\/i0.wp.com\/www.parrocchianissoria.it\/wp\/wp-content\/uploads\/2014\/11\/madonna.jpg?fit=1133%2C691&ssl=1&resize=525%2C300 1.5x, https:\/\/i0.wp.com\/www.parrocchianissoria.it\/wp\/wp-content\/uploads\/2014\/11\/madonna.jpg?fit=1133%2C691&ssl=1&resize=700%2C400 2x, https:\/\/i0.wp.com\/www.parrocchianissoria.it\/wp\/wp-content\/uploads\/2014\/11\/madonna.jpg?fit=1133%2C691&ssl=1&resize=1050%2C600 3x"},"classes":[]},{"id":1630,"url":"https:\/\/www.parrocchianissoria.it\/index.php\/maria-santissima-madre-di-dio\/","url_meta":{"origin":1623,"position":4},"title":"Maria Santissima Madre di Dio","author":"admin","date":"29 Dicembre 2014","format":false,"excerpt":"\u00abTi vedo in mille immagini, \/ Maria, amabilmente figurata\u00bb, scrive Novalis nei suoi Canti spirituali. Sin dall\u2019antichit\u00e0, infatti, la Vergine Madre \u00e8 stata fatta oggetto non solo della riflessione della teologia, ma anche del genio e della contemplazione degli artisti. La Chiesa di Santa Maria in Trastevere, come anche la\u2026","rel":"","context":"In &quot;Liturgia&quot;","block_context":{"text":"Liturgia","link":"https:\/\/www.parrocchianissoria.it\/index.php\/category\/liturgia\/"},"img":{"alt_text":"","src":"https:\/\/i0.wp.com\/www.parrocchianissoria.it\/wp\/wp-content\/uploads\/2014\/12\/1_gennaio.jpg?fit=1002%2C528&ssl=1&resize=350%2C200","width":350,"height":200,"srcset":"https:\/\/i0.wp.com\/www.parrocchianissoria.it\/wp\/wp-content\/uploads\/2014\/12\/1_gennaio.jpg?fit=1002%2C528&ssl=1&resize=350%2C200 1x, https:\/\/i0.wp.com\/www.parrocchianissoria.it\/wp\/wp-content\/uploads\/2014\/12\/1_gennaio.jpg?fit=1002%2C528&ssl=1&resize=525%2C300 1.5x, https:\/\/i0.wp.com\/www.parrocchianissoria.it\/wp\/wp-content\/uploads\/2014\/12\/1_gennaio.jpg?fit=1002%2C528&ssl=1&resize=700%2C400 2x"},"classes":[]},{"id":1577,"url":"https:\/\/www.parrocchianissoria.it\/index.php\/immacolata-concezione\/","url_meta":{"origin":1623,"position":5},"title":"Immacolata Concezione","author":"admin","date":"7 Dicembre 2014","format":false,"excerpt":"Secondo le parole della preghiera recitata da papa Francesco dinanzi alla statua dell\u2019Immacolata a Piazza di Spagna nel dicembre 2013, contemplare Maria Immacolata non comporta affatto distogliere lo sguardo dal mondo e dalle sue ferite, ma vuol dire piuttosto riconoscere in Lei quella creatura umana che ci aiuta a non\u2026","rel":"","context":"In &quot;Avvento&quot;","block_context":{"text":"Avvento","link":"https:\/\/www.parrocchianissoria.it\/index.php\/category\/avvento\/"},"img":{"alt_text":"","src":"https:\/\/i0.wp.com\/www.parrocchianissoria.it\/wp\/wp-content\/uploads\/2014\/12\/ImmacolataConcezione_int.jpg?fit=909%2C609&ssl=1&resize=350%2C200","width":350,"height":200,"srcset":"https:\/\/i0.wp.com\/www.parrocchianissoria.it\/wp\/wp-content\/uploads\/2014\/12\/ImmacolataConcezione_int.jpg?fit=909%2C609&ssl=1&resize=350%2C200 1x, https:\/\/i0.wp.com\/www.parrocchianissoria.it\/wp\/wp-content\/uploads\/2014\/12\/ImmacolataConcezione_int.jpg?fit=909%2C609&ssl=1&resize=525%2C300 1.5x, https:\/\/i0.wp.com\/www.parrocchianissoria.it\/wp\/wp-content\/uploads\/2014\/12\/ImmacolataConcezione_int.jpg?fit=909%2C609&ssl=1&resize=700%2C400 2x"},"classes":[]}],"jetpack_likes_enabled":true,"_links":{"self":[{"href":"https:\/\/www.parrocchianissoria.it\/index.php\/wp-json\/wp\/v2\/posts\/1623"}],"collection":[{"href":"https:\/\/www.parrocchianissoria.it\/index.php\/wp-json\/wp\/v2\/posts"}],"about":[{"href":"https:\/\/www.parrocchianissoria.it\/index.php\/wp-json\/wp\/v2\/types\/post"}],"author":[{"embeddable":true,"href":"https:\/\/www.parrocchianissoria.it\/index.php\/wp-json\/wp\/v2\/users\/1"}],"replies":[{"embeddable":true,"href":"https:\/\/www.parrocchianissoria.it\/index.php\/wp-json\/wp\/v2\/comments?post=1623"}],"version-history":[{"count":1,"href":"https:\/\/www.parrocchianissoria.it\/index.php\/wp-json\/wp\/v2\/posts\/1623\/revisions"}],"predecessor-version":[{"id":1625,"href":"https:\/\/www.parrocchianissoria.it\/index.php\/wp-json\/wp\/v2\/posts\/1623\/revisions\/1625"}],"wp:featuredmedia":[{"embeddable":true,"href":"https:\/\/www.parrocchianissoria.it\/index.php\/wp-json\/wp\/v2\/media\/1624"}],"wp:attachment":[{"href":"https:\/\/www.parrocchianissoria.it\/index.php\/wp-json\/wp\/v2\/media?parent=1623"}],"wp:term":[{"taxonomy":"category","embeddable":true,"href":"https:\/\/www.parrocchianissoria.it\/index.php\/wp-json\/wp\/v2\/categories?post=1623"},{"taxonomy":"post_tag","embeddable":true,"href":"https:\/\/www.parrocchianissoria.it\/index.php\/wp-json\/wp\/v2\/tags?post=1623"}],"curies":[{"name":"wp","href":"https:\/\/api.w.org\/{rel}","templated":true}]}}