{"id":1574,"date":"2014-12-05T11:14:34","date_gmt":"2014-12-05T10:14:34","guid":{"rendered":"http:\/\/www.parrocchianissoria.it\/?p=1574"},"modified":"2014-12-12T11:35:35","modified_gmt":"2014-12-12T10:35:35","slug":"ii-domenica-di-avvento","status":"publish","type":"post","link":"https:\/\/www.parrocchianissoria.it\/index.php\/ii-domenica-di-avvento\/","title":{"rendered":"II domenica di Avvento"},"content":{"rendered":"<p>Il Giovanni Battista realizzato da Donatello a met\u00e0 del \u2018400 e posto nel Duomo di Siena, ha poco o nulla a che fare con quanto proposta da artisti come Leonardo, Bronzino, Cima da Conegliano e molti altri, perch\u00e9 \u00e8 un personaggio che risponde perfettamente alla descrizione che ne fa il vangelo: un uomo vestito di peli di cammello, con una cintura di pelle attorno ai fianchi, che si nutre di cavallette e di miele selvatico (cf. <a class=\"bibbietta highslide\" href=\"http:\/\/www.bibbiaedu.it\/bibbia2008\/Mt%203%2C4%26layout%3D3%26hs%3d2\">Mt 3,4<\/a>). L\u2019artista \u00e8 riuscito a rendere realisticamente il volto e le carni emaciate del santo e a esaltare il gioco di luce e di ombre \u00e8 attraverso la povera veste che indossa. Le proporzioni della figura e i particolari fisici mostrano un grado estremo di naturalismo, anche se le sue membra allungate oltre il naturale riescono a esprimere efficacemente la forte tensione ascetica che caratterizzava la vista di quest\u2019uomo di Dio. Nell\u2019essenzialit\u00e0 della sua figura, scarna e\u00a0 asciutta, Giovanni proclama che ci\u00f2 che conta \u00e8 l\u2019annuncio che egli \u00e8 venuto a portare. La sua persona, infatti, s\u2019identifica con il suo ministero ed \u00e8 a servizio, senza riserve, dell\u2019annuncio del Messia. La sua unica ricchezza \u00e8 la povert\u00e0 della parola e della testimonianza.<br \/>\nAnche lui, come avrebbe fatto pi\u00f9 il l\u00e0 Paolo, non si presenta agli uomini con \u201csublimit\u00e0 di parola o di dottrina\u201d, ma con umilt\u00e0 e forza prepara la via al Signore che viene. Per questo indica Cristo, Agnello di Dio, che, come recita il Prefazio I di Avvento, \u00abal suo primo avvento \u2028nell\u2019umilt\u00e0 della nostra natura umana \u2028[\u2026] port\u00f2 a compimento la promessa antica\u2028e ci apr\u00ec la via dell\u2019eterna salvezza\u00bb. In Giovanni, per usare le parole della Prima Lettura, possiamo vedere colui che \u00e8 invitato ad alzare la voce con forza, senza temere. Egli, scriveva Giovanni Paolo II al n. 91 della<em>Veritatis splendor<\/em>, \u00abrifiutandosi di tacere la legge del Signore e di venire a compromesso col male, \u201cimmol\u00f2 la sua vita per la verit\u00e0 e la giustizia\u201d e fu cos\u00ec precursore del Messia anche nel martirio (cf. <a class=\"bibbietta highslide\" href=\"http:\/\/www.bibbiaedu.it\/bibbia2008\/Mc%206%2C17-29%26layout%3D3%26hs%3d2\">Mc 6,17-29<\/a>). Per questo \u2013 come afferma Beda il Venerabile \u2013 \u201cfu rinchiuso nell\u2019oscurit\u00e0 del carcere colui che venne a rendere testimonianza alla luce e che dalla stessa luce, che \u00e8 Cristo, merit\u00f2 di essere chiamato lampada che arde e illumina&#8230;E fu battezzato nel proprio sangue colui al quale era stato concesso di battezzare il Redentore del mondo\u201d\u00bb. Anche il carteggio che il Battista tiene tradizionalmente in mano e che contiene la scritta <em>Ecce agnus Dei<\/em>\u2026, sintetizza il suo ministero nel deserto.<br \/>\nE poich\u00e9 quest\u2019opera \u00e8 conservata in una Chiesa, l\u00ec dove si celebra la Santa Messa, allora il rimando alla celebrazione del sacrificio eucaristico \u00e8 immediato e del tutto evidente. Infatti, quando il sacerdote presenta l\u2019ostia consacrata ai fedeli dicendo <em>Ecco l\u2019agnello di Dio<\/em>\u2026nel loro cuore risuonano proprio quelle parole evangeliche pronunciate dal Battista dinanzi alla figura del Messia, e cos\u00ec riconoscono che quel Ges\u00f9 indicato da Giovanni nel deserto \u00e8 colui che adesso viene mostrato ai comunicandi affinch\u00e9 anch\u2019essi possano seguirlo cos\u00ec come fecero i discepoli di Giovanni. La statua realizzata da Donatello, in particolare, \u00e8 posta nei pressi del pulpito, e ci\u00f2 fa risaltare il significato che riveste il ministero profetico del Precursore del Signore in ordine all\u2019intera storia della salvezza.<br \/>\nIl mistero di Cristo \u00e8 fatto di obbedienza e di sacrificio poich\u00e9 Ges\u00f9 si offre come un docile Agnello del riscatto per il peccato del mondo. Giovanni riconosce la grandezza di questo mistero e lo testimonia con la parola e con il suo stesso silenzio. Si potrebbe dire che egli, il quale ha parlato di s\u00e9 come di una voce in rapporto alla Parola, dopo la sua confessione abbia cominciato a tacere per fare spazio a Cristo. Cos\u00ec facendo ha per\u00f2 indicato ai discepoli di Ges\u00f9 quale debba essere il loro atteggiamento nei confronti del messaggio che annunciano: Cristo deve crescere, il testimone diminuire.<\/p>\n","protected":false},"excerpt":{"rendered":"<p>Il Giovanni Battista realizzato da Donatello a met\u00e0 del \u2018400 e posto nel Duomo di Siena, ha poco o nulla a che fare con quanto proposta da artisti come Leonardo,&hellip;<\/p>\n","protected":false},"author":1,"featured_media":1586,"comment_status":"open","ping_status":"open","sticky":false,"template":"","format":"standard","meta":{"jetpack_post_was_ever_published":false,"_jetpack_newsletter_access":"","_jetpack_newsletter_tier_id":0,"jetpack_publicize_message":"","jetpack_is_tweetstorm":false,"jetpack_publicize_feature_enabled":true,"jetpack_social_post_already_shared":false,"jetpack_social_options":{"image_generator_settings":{"template":"highway","enabled":false}}},"categories":[42,15],"tags":[56,18,16,7],"jetpack_publicize_connections":[],"jetpack_featured_media_url":"https:\/\/i0.wp.com\/www.parrocchianissoria.it\/wp\/wp-content\/uploads\/2014\/12\/ii_avvento1.jpg?fit=672%2C404&ssl=1","jetpack_sharing_enabled":true,"jetpack_shortlink":"https:\/\/wp.me\/p5aHFt-po","jetpack-related-posts":[{"id":1551,"url":"https:\/\/www.parrocchianissoria.it\/index.php\/avvento-2014-2\/","url_meta":{"origin":1574,"position":0},"title":"Avvento 2014","author":"admin","date":"26 Novembre 2014","format":false,"excerpt":"Risuoner\u00e0 ancora nel cuore del prossimo Avvento la parola potente dell'Apostolo Paolo: \u00abSiate sempre lieti, pregate ininterrottamente, in ogni cosa rendete grazie\u00bb. (1Ts 5,16-18) Un invito che appare paradossale oggi, in un mondo cos\u00ec segnato da contraddizioni e violenze; ma non era in effetti molto pi\u00f9 pacifico il mondo antico,\u2026","rel":"","context":"In &quot;Attivit\u00e0&quot;","block_context":{"text":"Attivit\u00e0","link":"https:\/\/www.parrocchianissoria.it\/index.php\/category\/attivita\/"},"img":{"alt_text":"","src":"https:\/\/i0.wp.com\/www.parrocchianissoria.it\/wp\/wp-content\/uploads\/2014\/11\/madonna.jpg?fit=1133%2C691&ssl=1&resize=350%2C200","width":350,"height":200,"srcset":"https:\/\/i0.wp.com\/www.parrocchianissoria.it\/wp\/wp-content\/uploads\/2014\/11\/madonna.jpg?fit=1133%2C691&ssl=1&resize=350%2C200 1x, https:\/\/i0.wp.com\/www.parrocchianissoria.it\/wp\/wp-content\/uploads\/2014\/11\/madonna.jpg?fit=1133%2C691&ssl=1&resize=525%2C300 1.5x, https:\/\/i0.wp.com\/www.parrocchianissoria.it\/wp\/wp-content\/uploads\/2014\/11\/madonna.jpg?fit=1133%2C691&ssl=1&resize=700%2C400 2x, https:\/\/i0.wp.com\/www.parrocchianissoria.it\/wp\/wp-content\/uploads\/2014\/11\/madonna.jpg?fit=1133%2C691&ssl=1&resize=1050%2C600 3x"},"classes":[]},{"id":1543,"url":"https:\/\/www.parrocchianissoria.it\/index.php\/avvento-2014\/","url_meta":{"origin":1574,"position":1},"title":"I Domenica di Avvento","author":"admin","date":"26 Novembre 2014","format":false,"excerpt":"\"Vagliate ogni cosa e tenete ci\u00f2 che \u00e8 buono\" (1 Ts 5,16-24) \u00abTutti siamo avvizziti come foglie,\u2028le nostre iniquit\u00e0 ci hanno portato via come il vento.\u2028Nessuno invocava il tuo nome,\u2028nessuno si risvegliava per stringersi a te\u00bb (Is 64,5-6) confessa con amarezza Isaia nella Prima Lettura di questa Domenica introduttiva al\u2026","rel":"","context":"In &quot;Avvento&quot;","block_context":{"text":"Avvento","link":"https:\/\/www.parrocchianissoria.it\/index.php\/category\/avvento\/"},"img":{"alt_text":"","src":"https:\/\/i0.wp.com\/www.parrocchianissoria.it\/wp\/wp-content\/uploads\/Avvento\/i_avvento.jpg?fit=1087%2C642&ssl=1&resize=350%2C200","width":350,"height":200,"srcset":"https:\/\/i0.wp.com\/www.parrocchianissoria.it\/wp\/wp-content\/uploads\/Avvento\/i_avvento.jpg?fit=1087%2C642&ssl=1&resize=350%2C200 1x, https:\/\/i0.wp.com\/www.parrocchianissoria.it\/wp\/wp-content\/uploads\/Avvento\/i_avvento.jpg?fit=1087%2C642&ssl=1&resize=525%2C300 1.5x, https:\/\/i0.wp.com\/www.parrocchianissoria.it\/wp\/wp-content\/uploads\/Avvento\/i_avvento.jpg?fit=1087%2C642&ssl=1&resize=700%2C400 2x, https:\/\/i0.wp.com\/www.parrocchianissoria.it\/wp\/wp-content\/uploads\/Avvento\/i_avvento.jpg?fit=1087%2C642&ssl=1&resize=1050%2C600 3x"},"classes":[]},{"id":1580,"url":"https:\/\/www.parrocchianissoria.it\/index.php\/iii-domenica-di-avvento\/","url_meta":{"origin":1574,"position":2},"title":"III domenica di Avvento","author":"admin","date":"12 Dicembre 2014","format":false,"excerpt":"In uno degli affreschi realizzati da Domenico Zampieri, detto Domenichino, nella Chiesa di Sant\u2019Andrea della Valle a Roma nella prima met\u00e0 del \u2018600, Giovanni Battista \u00e8 ricoperto da un mantello rosso, un chiaro rimando alla sua testimonianza sino al martirio, ed ha ai suoi piedi un agnello. Con il braccio\u2026","rel":"","context":"In &quot;Avvento&quot;","block_context":{"text":"Avvento","link":"https:\/\/www.parrocchianissoria.it\/index.php\/category\/avvento\/"},"img":{"alt_text":"","src":"https:\/\/i0.wp.com\/www.parrocchianissoria.it\/wp\/wp-content\/uploads\/2014\/12\/iii_avvento.jpg?fit=1100%2C715&ssl=1&resize=350%2C200","width":350,"height":200,"srcset":"https:\/\/i0.wp.com\/www.parrocchianissoria.it\/wp\/wp-content\/uploads\/2014\/12\/iii_avvento.jpg?fit=1100%2C715&ssl=1&resize=350%2C200 1x, https:\/\/i0.wp.com\/www.parrocchianissoria.it\/wp\/wp-content\/uploads\/2014\/12\/iii_avvento.jpg?fit=1100%2C715&ssl=1&resize=525%2C300 1.5x, https:\/\/i0.wp.com\/www.parrocchianissoria.it\/wp\/wp-content\/uploads\/2014\/12\/iii_avvento.jpg?fit=1100%2C715&ssl=1&resize=700%2C400 2x, https:\/\/i0.wp.com\/www.parrocchianissoria.it\/wp\/wp-content\/uploads\/2014\/12\/iii_avvento.jpg?fit=1100%2C715&ssl=1&resize=1050%2C600 3x"},"classes":[]},{"id":1577,"url":"https:\/\/www.parrocchianissoria.it\/index.php\/immacolata-concezione\/","url_meta":{"origin":1574,"position":3},"title":"Immacolata Concezione","author":"admin","date":"7 Dicembre 2014","format":false,"excerpt":"Secondo le parole della preghiera recitata da papa Francesco dinanzi alla statua dell\u2019Immacolata a Piazza di Spagna nel dicembre 2013, contemplare Maria Immacolata non comporta affatto distogliere lo sguardo dal mondo e dalle sue ferite, ma vuol dire piuttosto riconoscere in Lei quella creatura umana che ci aiuta a non\u2026","rel":"","context":"In &quot;Avvento&quot;","block_context":{"text":"Avvento","link":"https:\/\/www.parrocchianissoria.it\/index.php\/category\/avvento\/"},"img":{"alt_text":"","src":"https:\/\/i0.wp.com\/www.parrocchianissoria.it\/wp\/wp-content\/uploads\/2014\/12\/ImmacolataConcezione_int.jpg?fit=909%2C609&ssl=1&resize=350%2C200","width":350,"height":200,"srcset":"https:\/\/i0.wp.com\/www.parrocchianissoria.it\/wp\/wp-content\/uploads\/2014\/12\/ImmacolataConcezione_int.jpg?fit=909%2C609&ssl=1&resize=350%2C200 1x, https:\/\/i0.wp.com\/www.parrocchianissoria.it\/wp\/wp-content\/uploads\/2014\/12\/ImmacolataConcezione_int.jpg?fit=909%2C609&ssl=1&resize=525%2C300 1.5x, https:\/\/i0.wp.com\/www.parrocchianissoria.it\/wp\/wp-content\/uploads\/2014\/12\/ImmacolataConcezione_int.jpg?fit=909%2C609&ssl=1&resize=700%2C400 2x"},"classes":[]},{"id":1615,"url":"https:\/\/www.parrocchianissoria.it\/index.php\/iv-domenica-di-avvento\/","url_meta":{"origin":1574,"position":4},"title":"IV Domenica di Avvento","author":"admin","date":"19 Dicembre 2014","format":false,"excerpt":"Dinanzi all\u2019Annunciata dipinta da Antonello da Messina nel 1476 risultano ancora pi\u00f9 vere le parole con cui l\u2019allora cardinale Joseph Ratzinger introduceva il Compendio del Catechismo della Chiesa Cattolica: \u00abGli artisti di ogni tempo hanno offerto alla contemplazione e allo stupore dei fedeli i fatti salienti del mistero della salvezza,\u2026","rel":"","context":"In &quot;Senza categoria&quot;","block_context":{"text":"Senza categoria","link":"https:\/\/www.parrocchianissoria.it\/index.php\/category\/senza-categoria\/"},"img":{"alt_text":"","src":"https:\/\/i0.wp.com\/www.parrocchianissoria.it\/wp\/wp-content\/uploads\/2014\/12\/iv_avvento.jpg?fit=883%2C553&ssl=1&resize=350%2C200","width":350,"height":200,"srcset":"https:\/\/i0.wp.com\/www.parrocchianissoria.it\/wp\/wp-content\/uploads\/2014\/12\/iv_avvento.jpg?fit=883%2C553&ssl=1&resize=350%2C200 1x, https:\/\/i0.wp.com\/www.parrocchianissoria.it\/wp\/wp-content\/uploads\/2014\/12\/iv_avvento.jpg?fit=883%2C553&ssl=1&resize=525%2C300 1.5x, https:\/\/i0.wp.com\/www.parrocchianissoria.it\/wp\/wp-content\/uploads\/2014\/12\/iv_avvento.jpg?fit=883%2C553&ssl=1&resize=700%2C400 2x"},"classes":[]},{"id":1361,"url":"https:\/\/www.parrocchianissoria.it\/index.php\/liturgia-della-parola-ii-dopo-natale\/","url_meta":{"origin":1574,"position":5},"title":"Liturgia della Parola &#8211; II Dopo Natale","author":"admin","date":"7 Gennaio 2014","format":false,"excerpt":"1 Lettura: \u00a0Sir 24, 1-2.8-12 Sal 147: \u201cIl Verbo si \u00e8 fatto carne e ha posto la sua dimora in mezzo a noi\u201d. 2 Lettura: Ef 1, 3-6.15-18 Vangelo di Giovanni \u00a01, 1-18 Liturgia delle Ore: ufficio della domenica II settimana del salterio Vangelo\u00a0\u00a0Gv 1,1-18 Il Verbo si fece carne\u2026","rel":"","context":"In &quot;Liturgia&quot;","block_context":{"text":"Liturgia","link":"https:\/\/www.parrocchianissoria.it\/index.php\/category\/liturgia\/"},"img":{"alt_text":"","src":"https:\/\/i0.wp.com\/www.parrocchianissoria.it\/wp\/wp-content\/uploads\/2014\/01\/p010_0_00_01.jpg?fit=363%2C227&ssl=1&resize=350%2C200","width":350,"height":200},"classes":[]}],"jetpack_likes_enabled":true,"_links":{"self":[{"href":"https:\/\/www.parrocchianissoria.it\/index.php\/wp-json\/wp\/v2\/posts\/1574"}],"collection":[{"href":"https:\/\/www.parrocchianissoria.it\/index.php\/wp-json\/wp\/v2\/posts"}],"about":[{"href":"https:\/\/www.parrocchianissoria.it\/index.php\/wp-json\/wp\/v2\/types\/post"}],"author":[{"embeddable":true,"href":"https:\/\/www.parrocchianissoria.it\/index.php\/wp-json\/wp\/v2\/users\/1"}],"replies":[{"embeddable":true,"href":"https:\/\/www.parrocchianissoria.it\/index.php\/wp-json\/wp\/v2\/comments?post=1574"}],"version-history":[{"count":1,"href":"https:\/\/www.parrocchianissoria.it\/index.php\/wp-json\/wp\/v2\/posts\/1574\/revisions"}],"predecessor-version":[{"id":1576,"href":"https:\/\/www.parrocchianissoria.it\/index.php\/wp-json\/wp\/v2\/posts\/1574\/revisions\/1576"}],"wp:featuredmedia":[{"embeddable":true,"href":"https:\/\/www.parrocchianissoria.it\/index.php\/wp-json\/wp\/v2\/media\/1586"}],"wp:attachment":[{"href":"https:\/\/www.parrocchianissoria.it\/index.php\/wp-json\/wp\/v2\/media?parent=1574"}],"wp:term":[{"taxonomy":"category","embeddable":true,"href":"https:\/\/www.parrocchianissoria.it\/index.php\/wp-json\/wp\/v2\/categories?post=1574"},{"taxonomy":"post_tag","embeddable":true,"href":"https:\/\/www.parrocchianissoria.it\/index.php\/wp-json\/wp\/v2\/tags?post=1574"}],"curies":[{"name":"wp","href":"https:\/\/api.w.org\/{rel}","templated":true}]}}