{"id":1551,"date":"2014-11-26T10:06:09","date_gmt":"2014-11-26T09:06:09","guid":{"rendered":"http:\/\/www.parrocchianissoria.it\/?p=1551"},"modified":"2014-12-12T11:22:44","modified_gmt":"2014-12-12T10:22:44","slug":"avvento-2014-2","status":"publish","type":"post","link":"https:\/\/www.parrocchianissoria.it\/index.php\/avvento-2014-2\/","title":{"rendered":"Avvento 2014"},"content":{"rendered":"<blockquote>\n<h1 style=\"text-align: center;\">Risuoner\u00e0 ancora nel cuore del prossimo Avvento la parola potente dell&#8217;Apostolo Paolo: \u00abSiate sempre lieti, pregate ininterrottamente, in ogni cosa rendete grazie\u00bb.<br \/>\n<i>(1Ts 5,16-18)<\/i><\/h1>\n<\/blockquote>\n<hr \/>\n<p>Un invito che appare paradossale oggi, in un mondo cos\u00ec segnato da contraddizioni e violenze; ma non era in effetti molto pi\u00f9 pacifico il mondo antico, in cui Ges\u00f9 venne alla luce.<br \/>\nNoi riascolteremo nella notte di Natale le parole degli Angeli:<i> \u00abGloria a Dio nel pi\u00f9 alto dei cieli e sulla terra pace agli uomini, che egli ama\u00bb (Lc 2, 14)<\/i>.<\/p>\n<p>La &#8220;grande gioia&#8221; che essi proclamano ai pastori poteva certamente sembrare fuori luogo nella Palestina, gi\u00e0 allora segnata da odio e contrapposizioni; tuttavia i pastori accolgono il messaggio e si muovono ad incontrare il bambino, sanno gustare quella gioia sorprendente.<br \/>\nSapremo muoverci noi in questo Avvento incontro alla venuta di Cristo? Sapremo accogliere quella gioia che Lui solo ci offre, e che ci \u00e8 stata richiamata da Papa Francesco nell&#8217;<i>Evangelii gaudium<\/i>? Sapremo noi stessi diventare evangelizzatori, annunciatori?<br \/>\nCi rendiamo conto che si tratta, nella sua profondit\u00e0, di un problema di discernimento, di riconoscimento. Tra i segnali contraddittori e confusi, lo Spirito Santo invita a riconoscere la rotta tracciata da Dio. In quello che potrebbe apparire, ad uno sguardo distratto o pessimista, un campo pieno di erbe cattive, lo Spirito aiuta a riconoscere il grano buono, il Regno di Dio che cresce.<!--more--><\/p>\n<div>\u00c8 il percorso che la Chiesa di tutto il mondo sta intraprendendo, come \u00e8 avvenuto nella recente sessione straordinaria del Sinodo dei Vescovi dedicato ad affrontare le \u00abSfide pastorali della famiglia nel contesto dell&#8217;evangelizzazione\u00bb; \u00e8 il percorso che anche la Chiesa che \u00e8 in Italia ha gi\u00e0 intrapreso, avviandosi alla celebrazione del Convegno ecclesiale di Firenze, orientato a riscoprire <i>in Cristo<\/i> la cifra sintetica del <i>nuovo umanesimo<\/i>, nella convinzione che sia possibile anche nel nostro tempo ritrovare le coordinate dell\u2019essere uomini e donne \u201ca immagine di Dio\u201d.<\/div>\n<div>Ancora una volta \u00e8 la parola forte dell\u2019Apostolo a indicare la via: \u00abVagliate ogni cosa e tenete ci\u00f2 che \u00e8 buono\u00bb (<a class=\"bibbietta highslide\" href=\"http:\/\/www.bibbiaedu.it\/bibbia2008\/1Ts%205%2C21%26layout%3D3%26hs%3d2\">1Ts 5,21<\/a>). Nella lettera ai Tessalonicesi l\u2019invito \u00e8 rivolto a una comunit\u00e0 che correva \u00a0il rischio di \u201cspegnere lo Spirito\u201d e \u201cdisprezzare le profezie\u201d: forse per paura della novit\u00e0, forse anche per una ragionevole diffidenza verso eccessi gi\u00e0 verificatisi. L\u2019Apostolo invita a ritrovare fiducia e fermezza: il discernimento dei credenti, riuniti nel nome di Cristo, non ha barriere preventive; ogni elemento pu\u00f2 essere valutato, nella convinzione che sia possibile discernere e mantenere solo ci\u00f2 che \u00e8 buono. In queste parole di Paolo troviamo un messaggio sintetico e pregnante, capace di accompagnare le nostre comunit\u00e0 verso un\u2019azione pastorale coraggiosa, aperta all\u2019incontro e al dialogo con ogni realt\u00e0, eppure consapevole della propria singolare identit\u00e0, che porta ad astenersi \u00abda ogni specie di male\u00bb (<i>cf. <\/i><a class=\"bibbietta highslide\" href=\"http:\/\/www.bibbiaedu.it\/bibbia2008\/1Ts%205%2C19-22%26layout%3D3%26hs%3d2\">1Ts 5,19-22<\/a>).<\/div>\n","protected":false},"excerpt":{"rendered":"<p>Risuoner\u00e0 ancora nel cuore del prossimo Avvento la parola potente dell&#8217;Apostolo Paolo: \u00abSiate sempre lieti, pregate ininterrottamente, in ogni cosa rendete grazie\u00bb. (1Ts 5,16-18) Un invito che appare paradossale oggi,&hellip;<\/p>\n","protected":false},"author":1,"featured_media":1555,"comment_status":"open","ping_status":"open","sticky":false,"template":"","format":"standard","meta":{"jetpack_post_was_ever_published":false,"_jetpack_newsletter_access":"","_jetpack_newsletter_tier_id":0,"jetpack_publicize_message":"","jetpack_is_tweetstorm":false,"jetpack_publicize_feature_enabled":true,"jetpack_social_post_already_shared":false,"jetpack_social_options":{"image_generator_settings":{"template":"highway","enabled":false}}},"categories":[5,42,15],"tags":[],"jetpack_publicize_connections":[],"jetpack_featured_media_url":"https:\/\/i0.wp.com\/www.parrocchianissoria.it\/wp\/wp-content\/uploads\/2014\/11\/madonna.jpg?fit=1133%2C691&ssl=1","jetpack_sharing_enabled":true,"jetpack_shortlink":"https:\/\/wp.me\/p5aHFt-p1","jetpack-related-posts":[{"id":1574,"url":"https:\/\/www.parrocchianissoria.it\/index.php\/ii-domenica-di-avvento\/","url_meta":{"origin":1551,"position":0},"title":"II domenica di Avvento","author":"admin","date":"5 Dicembre 2014","format":false,"excerpt":"Il Giovanni Battista realizzato da Donatello a met\u00e0 del \u2018400 e posto nel Duomo di Siena, ha poco o nulla a che fare con quanto proposta da artisti come Leonardo, Bronzino, Cima da Conegliano e molti altri, perch\u00e9 \u00e8 un personaggio che risponde perfettamente alla descrizione che ne fa il\u2026","rel":"","context":"In &quot;Avvento&quot;","block_context":{"text":"Avvento","link":"https:\/\/www.parrocchianissoria.it\/index.php\/category\/avvento\/"},"img":{"alt_text":"","src":"https:\/\/i0.wp.com\/www.parrocchianissoria.it\/wp\/wp-content\/uploads\/2014\/12\/ii_avvento1.jpg?fit=672%2C404&ssl=1&resize=350%2C200","width":350,"height":200,"srcset":"https:\/\/i0.wp.com\/www.parrocchianissoria.it\/wp\/wp-content\/uploads\/2014\/12\/ii_avvento1.jpg?fit=672%2C404&ssl=1&resize=350%2C200 1x, https:\/\/i0.wp.com\/www.parrocchianissoria.it\/wp\/wp-content\/uploads\/2014\/12\/ii_avvento1.jpg?fit=672%2C404&ssl=1&resize=525%2C300 1.5x"},"classes":[]},{"id":1543,"url":"https:\/\/www.parrocchianissoria.it\/index.php\/avvento-2014\/","url_meta":{"origin":1551,"position":1},"title":"I Domenica di Avvento","author":"admin","date":"26 Novembre 2014","format":false,"excerpt":"\"Vagliate ogni cosa e tenete ci\u00f2 che \u00e8 buono\" (1 Ts 5,16-24) \u00abTutti siamo avvizziti come foglie,\u2028le nostre iniquit\u00e0 ci hanno portato via come il vento.\u2028Nessuno invocava il tuo nome,\u2028nessuno si risvegliava per stringersi a te\u00bb (Is 64,5-6) confessa con amarezza Isaia nella Prima Lettura di questa Domenica introduttiva al\u2026","rel":"","context":"In &quot;Avvento&quot;","block_context":{"text":"Avvento","link":"https:\/\/www.parrocchianissoria.it\/index.php\/category\/avvento\/"},"img":{"alt_text":"","src":"https:\/\/i0.wp.com\/www.parrocchianissoria.it\/wp\/wp-content\/uploads\/Avvento\/i_avvento.jpg?fit=1087%2C642&ssl=1&resize=350%2C200","width":350,"height":200,"srcset":"https:\/\/i0.wp.com\/www.parrocchianissoria.it\/wp\/wp-content\/uploads\/Avvento\/i_avvento.jpg?fit=1087%2C642&ssl=1&resize=350%2C200 1x, https:\/\/i0.wp.com\/www.parrocchianissoria.it\/wp\/wp-content\/uploads\/Avvento\/i_avvento.jpg?fit=1087%2C642&ssl=1&resize=525%2C300 1.5x, https:\/\/i0.wp.com\/www.parrocchianissoria.it\/wp\/wp-content\/uploads\/Avvento\/i_avvento.jpg?fit=1087%2C642&ssl=1&resize=700%2C400 2x, https:\/\/i0.wp.com\/www.parrocchianissoria.it\/wp\/wp-content\/uploads\/Avvento\/i_avvento.jpg?fit=1087%2C642&ssl=1&resize=1050%2C600 3x"},"classes":[]},{"id":1580,"url":"https:\/\/www.parrocchianissoria.it\/index.php\/iii-domenica-di-avvento\/","url_meta":{"origin":1551,"position":2},"title":"III domenica di Avvento","author":"admin","date":"12 Dicembre 2014","format":false,"excerpt":"In uno degli affreschi realizzati da Domenico Zampieri, detto Domenichino, nella Chiesa di Sant\u2019Andrea della Valle a Roma nella prima met\u00e0 del \u2018600, Giovanni Battista \u00e8 ricoperto da un mantello rosso, un chiaro rimando alla sua testimonianza sino al martirio, ed ha ai suoi piedi un agnello. Con il braccio\u2026","rel":"","context":"In &quot;Avvento&quot;","block_context":{"text":"Avvento","link":"https:\/\/www.parrocchianissoria.it\/index.php\/category\/avvento\/"},"img":{"alt_text":"","src":"https:\/\/i0.wp.com\/www.parrocchianissoria.it\/wp\/wp-content\/uploads\/2014\/12\/iii_avvento.jpg?fit=1100%2C715&ssl=1&resize=350%2C200","width":350,"height":200,"srcset":"https:\/\/i0.wp.com\/www.parrocchianissoria.it\/wp\/wp-content\/uploads\/2014\/12\/iii_avvento.jpg?fit=1100%2C715&ssl=1&resize=350%2C200 1x, https:\/\/i0.wp.com\/www.parrocchianissoria.it\/wp\/wp-content\/uploads\/2014\/12\/iii_avvento.jpg?fit=1100%2C715&ssl=1&resize=525%2C300 1.5x, https:\/\/i0.wp.com\/www.parrocchianissoria.it\/wp\/wp-content\/uploads\/2014\/12\/iii_avvento.jpg?fit=1100%2C715&ssl=1&resize=700%2C400 2x, https:\/\/i0.wp.com\/www.parrocchianissoria.it\/wp\/wp-content\/uploads\/2014\/12\/iii_avvento.jpg?fit=1100%2C715&ssl=1&resize=1050%2C600 3x"},"classes":[]},{"id":1615,"url":"https:\/\/www.parrocchianissoria.it\/index.php\/iv-domenica-di-avvento\/","url_meta":{"origin":1551,"position":3},"title":"IV Domenica di Avvento","author":"admin","date":"19 Dicembre 2014","format":false,"excerpt":"Dinanzi all\u2019Annunciata dipinta da Antonello da Messina nel 1476 risultano ancora pi\u00f9 vere le parole con cui l\u2019allora cardinale Joseph Ratzinger introduceva il Compendio del Catechismo della Chiesa Cattolica: \u00abGli artisti di ogni tempo hanno offerto alla contemplazione e allo stupore dei fedeli i fatti salienti del mistero della salvezza,\u2026","rel":"","context":"In &quot;Senza categoria&quot;","block_context":{"text":"Senza categoria","link":"https:\/\/www.parrocchianissoria.it\/index.php\/category\/senza-categoria\/"},"img":{"alt_text":"","src":"https:\/\/i0.wp.com\/www.parrocchianissoria.it\/wp\/wp-content\/uploads\/2014\/12\/iv_avvento.jpg?fit=883%2C553&ssl=1&resize=350%2C200","width":350,"height":200,"srcset":"https:\/\/i0.wp.com\/www.parrocchianissoria.it\/wp\/wp-content\/uploads\/2014\/12\/iv_avvento.jpg?fit=883%2C553&ssl=1&resize=350%2C200 1x, https:\/\/i0.wp.com\/www.parrocchianissoria.it\/wp\/wp-content\/uploads\/2014\/12\/iv_avvento.jpg?fit=883%2C553&ssl=1&resize=525%2C300 1.5x, https:\/\/i0.wp.com\/www.parrocchianissoria.it\/wp\/wp-content\/uploads\/2014\/12\/iv_avvento.jpg?fit=883%2C553&ssl=1&resize=700%2C400 2x"},"classes":[]},{"id":1577,"url":"https:\/\/www.parrocchianissoria.it\/index.php\/immacolata-concezione\/","url_meta":{"origin":1551,"position":4},"title":"Immacolata Concezione","author":"admin","date":"7 Dicembre 2014","format":false,"excerpt":"Secondo le parole della preghiera recitata da papa Francesco dinanzi alla statua dell\u2019Immacolata a Piazza di Spagna nel dicembre 2013, contemplare Maria Immacolata non comporta affatto distogliere lo sguardo dal mondo e dalle sue ferite, ma vuol dire piuttosto riconoscere in Lei quella creatura umana che ci aiuta a non\u2026","rel":"","context":"In &quot;Avvento&quot;","block_context":{"text":"Avvento","link":"https:\/\/www.parrocchianissoria.it\/index.php\/category\/avvento\/"},"img":{"alt_text":"","src":"https:\/\/i0.wp.com\/www.parrocchianissoria.it\/wp\/wp-content\/uploads\/2014\/12\/ImmacolataConcezione_int.jpg?fit=909%2C609&ssl=1&resize=350%2C200","width":350,"height":200,"srcset":"https:\/\/i0.wp.com\/www.parrocchianissoria.it\/wp\/wp-content\/uploads\/2014\/12\/ImmacolataConcezione_int.jpg?fit=909%2C609&ssl=1&resize=350%2C200 1x, https:\/\/i0.wp.com\/www.parrocchianissoria.it\/wp\/wp-content\/uploads\/2014\/12\/ImmacolataConcezione_int.jpg?fit=909%2C609&ssl=1&resize=525%2C300 1.5x, https:\/\/i0.wp.com\/www.parrocchianissoria.it\/wp\/wp-content\/uploads\/2014\/12\/ImmacolataConcezione_int.jpg?fit=909%2C609&ssl=1&resize=700%2C400 2x"},"classes":[]},{"id":1375,"url":"https:\/\/www.parrocchianissoria.it\/index.php\/vorrei-portarvi-in-dono-la-speranza-messaggio-augurale-del-vescovo\/","url_meta":{"origin":1551,"position":5},"title":"Vorrei portarvi in dono la speranza &#8211; Messaggio augurale del Vescovo","author":"admin","date":"25 Dicembre 2013","format":false,"excerpt":"\u00a0In questo Natale vorrei portarti in dono la speranza. Basta che tu apra mani e cuore e la speranza inonder\u00e0 la tua vita. La speranza ha un nome e un volto: la speranza si chiama Ges\u00f9. Nasce un Bambino in un grotta e si schiude un orizzonte nuovo per l\u2019umanit\u00e0:\u2026","rel":"","context":"In &quot;Diocesi&quot;","block_context":{"text":"Diocesi","link":"https:\/\/www.parrocchianissoria.it\/index.php\/category\/diocesi\/"},"img":{"alt_text":"","src":"","width":0,"height":0},"classes":[]}],"jetpack_likes_enabled":true,"_links":{"self":[{"href":"https:\/\/www.parrocchianissoria.it\/index.php\/wp-json\/wp\/v2\/posts\/1551"}],"collection":[{"href":"https:\/\/www.parrocchianissoria.it\/index.php\/wp-json\/wp\/v2\/posts"}],"about":[{"href":"https:\/\/www.parrocchianissoria.it\/index.php\/wp-json\/wp\/v2\/types\/post"}],"author":[{"embeddable":true,"href":"https:\/\/www.parrocchianissoria.it\/index.php\/wp-json\/wp\/v2\/users\/1"}],"replies":[{"embeddable":true,"href":"https:\/\/www.parrocchianissoria.it\/index.php\/wp-json\/wp\/v2\/comments?post=1551"}],"version-history":[{"count":2,"href":"https:\/\/www.parrocchianissoria.it\/index.php\/wp-json\/wp\/v2\/posts\/1551\/revisions"}],"predecessor-version":[{"id":1554,"href":"https:\/\/www.parrocchianissoria.it\/index.php\/wp-json\/wp\/v2\/posts\/1551\/revisions\/1554"}],"wp:featuredmedia":[{"embeddable":true,"href":"https:\/\/www.parrocchianissoria.it\/index.php\/wp-json\/wp\/v2\/media\/1555"}],"wp:attachment":[{"href":"https:\/\/www.parrocchianissoria.it\/index.php\/wp-json\/wp\/v2\/media?parent=1551"}],"wp:term":[{"taxonomy":"category","embeddable":true,"href":"https:\/\/www.parrocchianissoria.it\/index.php\/wp-json\/wp\/v2\/categories?post=1551"},{"taxonomy":"post_tag","embeddable":true,"href":"https:\/\/www.parrocchianissoria.it\/index.php\/wp-json\/wp\/v2\/tags?post=1551"}],"curies":[{"name":"wp","href":"https:\/\/api.w.org\/{rel}","templated":true}]}}