{"id":1543,"date":"2014-11-26T10:08:27","date_gmt":"2014-11-26T09:08:27","guid":{"rendered":"http:\/\/www.parrocchianissoria.it\/?p=1543"},"modified":"2014-12-12T11:22:32","modified_gmt":"2014-12-12T10:22:32","slug":"avvento-2014","status":"publish","type":"post","link":"https:\/\/www.parrocchianissoria.it\/index.php\/avvento-2014\/","title":{"rendered":"I Domenica di Avvento"},"content":{"rendered":"<h1 style=\"text-align: center;\">&#8220;Vagliate ogni cosa e tenete ci\u00f2 che \u00e8 buono&#8221;<br \/>\n(1 Ts 5,16-24)<\/h1>\n<p>\u00abTutti siamo avvizziti come foglie,\u2028le nostre iniquit\u00e0 ci hanno portato via come il vento.\u2028Nessuno invocava il tuo nome,\u2028nessuno si risvegliava per stringersi a te\u00bb (<a class=\"bibbietta highslide\" href=\"http:\/\/www.bibbiaedu.it\/bibbia2008\/Is%2064%2C5-6%26layout%3D3%26hs%3d2\">Is 64,5-6<\/a>) confessa con amarezza Isaia nella Prima Lettura di questa Domenica introduttiva al Tempo di Avvento. Il profeta denuncia la condizione in cui il popolo \u00e8 precipitato a causa del peccato e ci permette di riflettere sulla nostra condizione attuale, poich\u00e9 anche questa generazione sembra essere come addormentata e narcotizzata, e vive in un tempo in cui il \u201ccuore inquieto\u201d ha fatto spazio a un cuore privo di attese e di domande, pago soltanto del proprio presente o di quanto pu\u00f2 offrirgli il suo immediato futuro. In questo clima il cristiano deve continuare ad avere fiducia nell\u2019intervento salvifico di Dio, come suggerisce il canto d\u2019ingresso della liturgia e come ricorda soprattutto il vangelo odierno.<br \/>\nEgli, infatti, deve vegliare senza sosta ben sapendo che il padrone di casa potrebbe giungere perfino dopo una lunga ed estenuante attesa, al \u00abcanto del gallo o al mattino\u00bb (<a class=\"bibbietta highslide\" href=\"http:\/\/www.bibbiaedu.it\/bibbia2008\/Mc%2013%2C35%26layout%3D3%26hs%3d2\">Mc 13,35<\/a>). E qualora dovesse lasciarsi sopraffare dal sonno, potrebbe continuare a invocare il Signore con le parole del Salmista: \u00abRisveglia la tua potenza \u2028e vieni a salvarci\u2026facci rivivere e noi invocheremo il tuo nome\u00bb (<a class=\"bibbietta highslide\" href=\"http:\/\/www.bibbiaedu.it\/bibbia2008\/Sal%2080%2C3-4%26layout%3D3%26hs%3d2\">Sal 80,3-4<\/a>). Ritornano alla mente a questo proposito le parole che Papa Francesco pronunci\u00f2 nella Chiesa del Getsemani a Gerusalemme durante la sua visita in Terra Santa del maggio scorso, quanto parl\u00f2 di una sequela che proprio l\u00ec si era fatta difficile e incerta per gli apostoli, una sequela che aveva fatto i conti con il dubbio, la stanchezza e il terrore, tanto che \u00abnel succedersi incalzante della passione di Ges\u00f9, i discepoli assumeranno diversi atteggiamenti nei confronti del Maestro: atteggiamenti di vicinanza, di allontanamento, di incertezza\u00bb.<br \/>\nNella parte posteriore della famosa <em>Maest\u00e0<\/em> dipinta da Duccio di Buoninsegna all\u2019inizio del XIV sec., conservata nel Museo dell\u2019Opera Metropolitana a Siena, tra le <em>Storie della Passione<\/em>, sotto la scena della Crocifissione, al centro, pi\u00f9 larga rispetto gli altri pannelli, \u00e8 incastonato il particolare dell\u2019<em>Orazione nell\u2019orto degli ulivi e della cattura di Cristo<\/em>. In questa porzione della <em>Maest\u00e0<\/em> sono raffigurati, senza soluzione di continuit\u00e0, il dialogo di Ges\u00f9 con Pietro, Giovanni e Giacomo &#8211; i quali vengono esortati a vegliare mentre, sulla destra, Ges\u00f9 si ritira da solo in preghiera &#8211; e il gruppo degli altri apostoli, in primo piano sulla sinistra, il quali dormono sopraffatti dal sonno. La figura di Ges\u00f9 appare due volte e come sdoppiata. Per cogliere la continuit\u00e0 e la discontinuit\u00e0 dei due momenti la scena dipinta da Duccio va interpretata come premessa di quella superiore dedicata alla cattura di Cristo. Quegli stessi discepoli che poco prima si erano assolutamente abbandonati a un torpore profondo, adesso, nella cattura, fuggono via impauriti e in preda al panico, spingendosi l\u2019un l\u2019altro e lasciando Ges\u00f9 da solo al centro della scena, in compagnia soltanto di Giuda che sta per baciarlo e di un manipolo minaccioso di soldati e di altri personaggi venuti per catturarlo. \u00c8 presente anche Pietro il quale poco dopo l\u2019avrebbe rinnegato. I colori brillanti risaltano sul fondo dorato che ospita alcuni alberelli e uno scorcio della roccia su cui Ges\u00f9 sale per pregare il Padre. Le scene sono immerse in una luce spirituale che tuttavia conferisce realismo agli elementi nello spazio. Colpisce l\u2019attenzione dell\u2019artista per i particolari: dagli alberelli che danno profondit\u00e0 e armonia al dipinto, alla vegetazione sino alla roccia sulla quale Ges\u00f9 si prostra in preghiera.<br \/>\nLa stessa cosa vale per le vesti che indossano Ges\u00f9, gli apostoli e i soldati. Ci\u00f2 che emoziona \u00e8 la capacit\u00e0 che l\u2019artista possiede nel rendere quasi palpabile il sonno profondo in cui i discepoli sono caduti, la solitudine di Ges\u00f9 e la forza dei suoi gesti. Questo episodio ha un valore universale perch\u00e9 riguarda tutti e tutte le generazioni dei credenti. Ogni credente, infatti, pu\u00f2 trovarsi in una condizione simile a quella degli apostoli dormienti e nell\u2019incapacit\u00e0 a \u201cvegliare un\u2019ora sola\u201d con Cristo. Cosa voglia dire poi \u201cvegliare\u201d per un cristiano, e in particolare per un sacerdote, \u00e8 ci\u00f2 che si domandava Giovanni Paolo II nel novembre del 1980 in un discorso tenuto nella Germania ancora divisa in due, che vale la pena riprendere per comprendere meglio il messaggio che ci consegna questa Prima Domenica di Avvento: \u00abVegliare \u2013 diceva il papa in quell\u2019occasione &#8211; significa vegliare sul bene affidato. Il bene che ci \u00e8 affidato \u00e8 infinitamente prezioso. Dobbiamo perseverare costantemente in esso\u2026dobbiamo avere un sentimento sempre pi\u00f9 profondo della grandezza dell\u2019uomo quale ci \u00e8 stata manifestata nel mistero dell\u2019incarnazione e della redenzione\u00bb.<\/p>\n","protected":false},"excerpt":{"rendered":"<p>&#8220;Vagliate ogni cosa e tenete ci\u00f2 che \u00e8 buono&#8221; (1 Ts 5,16-24) \u00abTutti siamo avvizziti come foglie,\u2028le nostre iniquit\u00e0 ci hanno portato via come il vento.\u2028Nessuno invocava il tuo nome,\u2028nessuno&hellip;<\/p>\n","protected":false},"author":1,"featured_media":1544,"comment_status":"open","ping_status":"open","sticky":false,"template":"","format":"standard","meta":{"jetpack_post_was_ever_published":false,"_jetpack_newsletter_access":"","_jetpack_newsletter_tier_id":0,"jetpack_publicize_message":"","jetpack_is_tweetstorm":false,"jetpack_publicize_feature_enabled":true,"jetpack_social_post_already_shared":false,"jetpack_social_options":{"image_generator_settings":{"template":"highway","enabled":false}}},"categories":[42,15,4],"tags":[56],"jetpack_publicize_connections":[],"jetpack_featured_media_url":"https:\/\/i0.wp.com\/www.parrocchianissoria.it\/wp\/wp-content\/uploads\/Avvento\/i_avvento.jpg?fit=1087%2C642&ssl=1","jetpack_sharing_enabled":true,"jetpack_shortlink":"https:\/\/wp.me\/p5aHFt-oT","jetpack-related-posts":[{"id":1580,"url":"https:\/\/www.parrocchianissoria.it\/index.php\/iii-domenica-di-avvento\/","url_meta":{"origin":1543,"position":0},"title":"III domenica di Avvento","author":"admin","date":"12 Dicembre 2014","format":false,"excerpt":"In uno degli affreschi realizzati da Domenico Zampieri, detto Domenichino, nella Chiesa di Sant\u2019Andrea della Valle a Roma nella prima met\u00e0 del \u2018600, Giovanni Battista \u00e8 ricoperto da un mantello rosso, un chiaro rimando alla sua testimonianza sino al martirio, ed ha ai suoi piedi un agnello. Con il braccio\u2026","rel":"","context":"In &quot;Avvento&quot;","block_context":{"text":"Avvento","link":"https:\/\/www.parrocchianissoria.it\/index.php\/category\/avvento\/"},"img":{"alt_text":"","src":"https:\/\/i0.wp.com\/www.parrocchianissoria.it\/wp\/wp-content\/uploads\/2014\/12\/iii_avvento.jpg?fit=1100%2C715&ssl=1&resize=350%2C200","width":350,"height":200,"srcset":"https:\/\/i0.wp.com\/www.parrocchianissoria.it\/wp\/wp-content\/uploads\/2014\/12\/iii_avvento.jpg?fit=1100%2C715&ssl=1&resize=350%2C200 1x, https:\/\/i0.wp.com\/www.parrocchianissoria.it\/wp\/wp-content\/uploads\/2014\/12\/iii_avvento.jpg?fit=1100%2C715&ssl=1&resize=525%2C300 1.5x, https:\/\/i0.wp.com\/www.parrocchianissoria.it\/wp\/wp-content\/uploads\/2014\/12\/iii_avvento.jpg?fit=1100%2C715&ssl=1&resize=700%2C400 2x, https:\/\/i0.wp.com\/www.parrocchianissoria.it\/wp\/wp-content\/uploads\/2014\/12\/iii_avvento.jpg?fit=1100%2C715&ssl=1&resize=1050%2C600 3x"},"classes":[]},{"id":1574,"url":"https:\/\/www.parrocchianissoria.it\/index.php\/ii-domenica-di-avvento\/","url_meta":{"origin":1543,"position":1},"title":"II domenica di Avvento","author":"admin","date":"5 Dicembre 2014","format":false,"excerpt":"Il Giovanni Battista realizzato da Donatello a met\u00e0 del \u2018400 e posto nel Duomo di Siena, ha poco o nulla a che fare con quanto proposta da artisti come Leonardo, Bronzino, Cima da Conegliano e molti altri, perch\u00e9 \u00e8 un personaggio che risponde perfettamente alla descrizione che ne fa il\u2026","rel":"","context":"In &quot;Avvento&quot;","block_context":{"text":"Avvento","link":"https:\/\/www.parrocchianissoria.it\/index.php\/category\/avvento\/"},"img":{"alt_text":"","src":"https:\/\/i0.wp.com\/www.parrocchianissoria.it\/wp\/wp-content\/uploads\/2014\/12\/ii_avvento1.jpg?fit=672%2C404&ssl=1&resize=350%2C200","width":350,"height":200,"srcset":"https:\/\/i0.wp.com\/www.parrocchianissoria.it\/wp\/wp-content\/uploads\/2014\/12\/ii_avvento1.jpg?fit=672%2C404&ssl=1&resize=350%2C200 1x, https:\/\/i0.wp.com\/www.parrocchianissoria.it\/wp\/wp-content\/uploads\/2014\/12\/ii_avvento1.jpg?fit=672%2C404&ssl=1&resize=525%2C300 1.5x"},"classes":[]},{"id":1551,"url":"https:\/\/www.parrocchianissoria.it\/index.php\/avvento-2014-2\/","url_meta":{"origin":1543,"position":2},"title":"Avvento 2014","author":"admin","date":"26 Novembre 2014","format":false,"excerpt":"Risuoner\u00e0 ancora nel cuore del prossimo Avvento la parola potente dell'Apostolo Paolo: \u00abSiate sempre lieti, pregate ininterrottamente, in ogni cosa rendete grazie\u00bb. (1Ts 5,16-18) Un invito che appare paradossale oggi, in un mondo cos\u00ec segnato da contraddizioni e violenze; ma non era in effetti molto pi\u00f9 pacifico il mondo antico,\u2026","rel":"","context":"In &quot;Attivit\u00e0&quot;","block_context":{"text":"Attivit\u00e0","link":"https:\/\/www.parrocchianissoria.it\/index.php\/category\/attivita\/"},"img":{"alt_text":"","src":"https:\/\/i0.wp.com\/www.parrocchianissoria.it\/wp\/wp-content\/uploads\/2014\/11\/madonna.jpg?fit=1133%2C691&ssl=1&resize=350%2C200","width":350,"height":200,"srcset":"https:\/\/i0.wp.com\/www.parrocchianissoria.it\/wp\/wp-content\/uploads\/2014\/11\/madonna.jpg?fit=1133%2C691&ssl=1&resize=350%2C200 1x, https:\/\/i0.wp.com\/www.parrocchianissoria.it\/wp\/wp-content\/uploads\/2014\/11\/madonna.jpg?fit=1133%2C691&ssl=1&resize=525%2C300 1.5x, https:\/\/i0.wp.com\/www.parrocchianissoria.it\/wp\/wp-content\/uploads\/2014\/11\/madonna.jpg?fit=1133%2C691&ssl=1&resize=700%2C400 2x, https:\/\/i0.wp.com\/www.parrocchianissoria.it\/wp\/wp-content\/uploads\/2014\/11\/madonna.jpg?fit=1133%2C691&ssl=1&resize=1050%2C600 3x"},"classes":[]},{"id":1615,"url":"https:\/\/www.parrocchianissoria.it\/index.php\/iv-domenica-di-avvento\/","url_meta":{"origin":1543,"position":3},"title":"IV Domenica di Avvento","author":"admin","date":"19 Dicembre 2014","format":false,"excerpt":"Dinanzi all\u2019Annunciata dipinta da Antonello da Messina nel 1476 risultano ancora pi\u00f9 vere le parole con cui l\u2019allora cardinale Joseph Ratzinger introduceva il Compendio del Catechismo della Chiesa Cattolica: \u00abGli artisti di ogni tempo hanno offerto alla contemplazione e allo stupore dei fedeli i fatti salienti del mistero della salvezza,\u2026","rel":"","context":"In &quot;Senza categoria&quot;","block_context":{"text":"Senza categoria","link":"https:\/\/www.parrocchianissoria.it\/index.php\/category\/senza-categoria\/"},"img":{"alt_text":"","src":"https:\/\/i0.wp.com\/www.parrocchianissoria.it\/wp\/wp-content\/uploads\/2014\/12\/iv_avvento.jpg?fit=883%2C553&ssl=1&resize=350%2C200","width":350,"height":200,"srcset":"https:\/\/i0.wp.com\/www.parrocchianissoria.it\/wp\/wp-content\/uploads\/2014\/12\/iv_avvento.jpg?fit=883%2C553&ssl=1&resize=350%2C200 1x, https:\/\/i0.wp.com\/www.parrocchianissoria.it\/wp\/wp-content\/uploads\/2014\/12\/iv_avvento.jpg?fit=883%2C553&ssl=1&resize=525%2C300 1.5x, https:\/\/i0.wp.com\/www.parrocchianissoria.it\/wp\/wp-content\/uploads\/2014\/12\/iv_avvento.jpg?fit=883%2C553&ssl=1&resize=700%2C400 2x"},"classes":[]},{"id":1577,"url":"https:\/\/www.parrocchianissoria.it\/index.php\/immacolata-concezione\/","url_meta":{"origin":1543,"position":4},"title":"Immacolata Concezione","author":"admin","date":"7 Dicembre 2014","format":false,"excerpt":"Secondo le parole della preghiera recitata da papa Francesco dinanzi alla statua dell\u2019Immacolata a Piazza di Spagna nel dicembre 2013, contemplare Maria Immacolata non comporta affatto distogliere lo sguardo dal mondo e dalle sue ferite, ma vuol dire piuttosto riconoscere in Lei quella creatura umana che ci aiuta a non\u2026","rel":"","context":"In &quot;Avvento&quot;","block_context":{"text":"Avvento","link":"https:\/\/www.parrocchianissoria.it\/index.php\/category\/avvento\/"},"img":{"alt_text":"","src":"https:\/\/i0.wp.com\/www.parrocchianissoria.it\/wp\/wp-content\/uploads\/2014\/12\/ImmacolataConcezione_int.jpg?fit=909%2C609&ssl=1&resize=350%2C200","width":350,"height":200,"srcset":"https:\/\/i0.wp.com\/www.parrocchianissoria.it\/wp\/wp-content\/uploads\/2014\/12\/ImmacolataConcezione_int.jpg?fit=909%2C609&ssl=1&resize=350%2C200 1x, https:\/\/i0.wp.com\/www.parrocchianissoria.it\/wp\/wp-content\/uploads\/2014\/12\/ImmacolataConcezione_int.jpg?fit=909%2C609&ssl=1&resize=525%2C300 1.5x, https:\/\/i0.wp.com\/www.parrocchianissoria.it\/wp\/wp-content\/uploads\/2014\/12\/ImmacolataConcezione_int.jpg?fit=909%2C609&ssl=1&resize=700%2C400 2x"},"classes":[]},{"id":1750,"url":"https:\/\/www.parrocchianissoria.it\/index.php\/tre-passi-per-il-rinnovamento-messaggio-di-papa-francesco-per-la-quaresima\/","url_meta":{"origin":1543,"position":5},"title":"Messaggio di Papa Francesco per la Quaresima","author":"admin","date":"16 Febbraio 2015","format":false,"excerpt":"Cari fratelli e sorelle, la Quaresima \u00e8 un tempo di rinnovamento per la Chiesa, le comunit\u00e0 e i singoli fedeli. Soprattutto per\u00f2 \u00e8 un \u201ctempo di grazia\u201d (2 Cor 6,2). Dio non ci chiede nulla che prima non ci abbia donato: \u201cNoi amiamo perch\u00e9 egli ci ha amati per primo\u201d\u2026","rel":"","context":"In &quot;Liturgia&quot;","block_context":{"text":"Liturgia","link":"https:\/\/www.parrocchianissoria.it\/index.php\/category\/liturgia\/"},"img":{"alt_text":"","src":"https:\/\/i0.wp.com\/www.parrocchianissoria.it\/wp\/wp-content\/uploads\/2015\/02\/Vaticano-11-gennaio-2015-Papa-Francesco-presiede-la-Santa-Messa-nel-corso-della-quale-amministra-il-Battesimo-a-33-neonati-2.jpg?fit=1194%2C796&ssl=1&resize=350%2C200","width":350,"height":200,"srcset":"https:\/\/i0.wp.com\/www.parrocchianissoria.it\/wp\/wp-content\/uploads\/2015\/02\/Vaticano-11-gennaio-2015-Papa-Francesco-presiede-la-Santa-Messa-nel-corso-della-quale-amministra-il-Battesimo-a-33-neonati-2.jpg?fit=1194%2C796&ssl=1&resize=350%2C200 1x, https:\/\/i0.wp.com\/www.parrocchianissoria.it\/wp\/wp-content\/uploads\/2015\/02\/Vaticano-11-gennaio-2015-Papa-Francesco-presiede-la-Santa-Messa-nel-corso-della-quale-amministra-il-Battesimo-a-33-neonati-2.jpg?fit=1194%2C796&ssl=1&resize=525%2C300 1.5x, https:\/\/i0.wp.com\/www.parrocchianissoria.it\/wp\/wp-content\/uploads\/2015\/02\/Vaticano-11-gennaio-2015-Papa-Francesco-presiede-la-Santa-Messa-nel-corso-della-quale-amministra-il-Battesimo-a-33-neonati-2.jpg?fit=1194%2C796&ssl=1&resize=700%2C400 2x, https:\/\/i0.wp.com\/www.parrocchianissoria.it\/wp\/wp-content\/uploads\/2015\/02\/Vaticano-11-gennaio-2015-Papa-Francesco-presiede-la-Santa-Messa-nel-corso-della-quale-amministra-il-Battesimo-a-33-neonati-2.jpg?fit=1194%2C796&ssl=1&resize=1050%2C600 3x"},"classes":[]}],"jetpack_likes_enabled":true,"_links":{"self":[{"href":"https:\/\/www.parrocchianissoria.it\/index.php\/wp-json\/wp\/v2\/posts\/1543"}],"collection":[{"href":"https:\/\/www.parrocchianissoria.it\/index.php\/wp-json\/wp\/v2\/posts"}],"about":[{"href":"https:\/\/www.parrocchianissoria.it\/index.php\/wp-json\/wp\/v2\/types\/post"}],"author":[{"embeddable":true,"href":"https:\/\/www.parrocchianissoria.it\/index.php\/wp-json\/wp\/v2\/users\/1"}],"replies":[{"embeddable":true,"href":"https:\/\/www.parrocchianissoria.it\/index.php\/wp-json\/wp\/v2\/comments?post=1543"}],"version-history":[{"count":3,"href":"https:\/\/www.parrocchianissoria.it\/index.php\/wp-json\/wp\/v2\/posts\/1543\/revisions"}],"predecessor-version":[{"id":1549,"href":"https:\/\/www.parrocchianissoria.it\/index.php\/wp-json\/wp\/v2\/posts\/1543\/revisions\/1549"}],"wp:featuredmedia":[{"embeddable":true,"href":"https:\/\/www.parrocchianissoria.it\/index.php\/wp-json\/wp\/v2\/media\/1544"}],"wp:attachment":[{"href":"https:\/\/www.parrocchianissoria.it\/index.php\/wp-json\/wp\/v2\/media?parent=1543"}],"wp:term":[{"taxonomy":"category","embeddable":true,"href":"https:\/\/www.parrocchianissoria.it\/index.php\/wp-json\/wp\/v2\/categories?post=1543"},{"taxonomy":"post_tag","embeddable":true,"href":"https:\/\/www.parrocchianissoria.it\/index.php\/wp-json\/wp\/v2\/tags?post=1543"}],"curies":[{"name":"wp","href":"https:\/\/api.w.org\/{rel}","templated":true}]}}