{"id":1453,"date":"2014-01-28T00:19:02","date_gmt":"2014-01-27T23:19:02","guid":{"rendered":"http:\/\/www.parrocchianissoria.it\/?p=1453"},"modified":"2014-12-19T09:35:36","modified_gmt":"2014-12-19T08:35:36","slug":"36-giornata-nazionale-per-la-vita-generare-futuro","status":"publish","type":"post","link":"https:\/\/www.parrocchianissoria.it\/index.php\/36-giornata-nazionale-per-la-vita-generare-futuro\/","title":{"rendered":"36\u00b0 Giornata Nazionale per la vita &#8211; \u201cGenerare futuro\u201d"},"content":{"rendered":"<p><img data-attachment-id=\"1454\" data-permalink=\"https:\/\/www.parrocchianissoria.it\/index.php\/36-giornata-nazionale-per-la-vita-generare-futuro\/manif-giornata-vita-2014-2\/\" data-orig-file=\"https:\/\/i0.wp.com\/www.parrocchianissoria.it\/wp\/wp-content\/uploads\/2014\/01\/Manif-Giornata-Vita-2014-2.jpg?fit=2362%2C3347&amp;ssl=1\" data-orig-size=\"2362,3347\" data-comments-opened=\"1\" data-image-meta=\"{&quot;aperture&quot;:&quot;0&quot;,&quot;credit&quot;:&quot;&quot;,&quot;camera&quot;:&quot;&quot;,&quot;caption&quot;:&quot;&quot;,&quot;created_timestamp&quot;:&quot;0&quot;,&quot;copyright&quot;:&quot;&quot;,&quot;focal_length&quot;:&quot;0&quot;,&quot;iso&quot;:&quot;0&quot;,&quot;shutter_speed&quot;:&quot;0&quot;,&quot;title&quot;:&quot;&quot;}\" data-image-title=\"Manif Giornata Vita 2014 (2)\" data-image-description=\"\" data-image-caption=\"\" data-medium-file=\"https:\/\/i0.wp.com\/www.parrocchianissoria.it\/wp\/wp-content\/uploads\/2014\/01\/Manif-Giornata-Vita-2014-2.jpg?fit=211%2C300&amp;ssl=1\" data-large-file=\"https:\/\/i0.wp.com\/www.parrocchianissoria.it\/wp\/wp-content\/uploads\/2014\/01\/Manif-Giornata-Vita-2014-2.jpg?fit=660%2C936&amp;ssl=1\" decoding=\"async\" loading=\"lazy\" class=\"size-medium wp-image-1454 alignleft\" alt=\"Manif Giornata Vita 2014 (2)\" src=\"https:\/\/i0.wp.com\/www.parrocchianissoria.it\/wp\/wp-content\/uploads\/2014\/01\/Manif-Giornata-Vita-2014-2.jpg?resize=211%2C300\" width=\"211\" height=\"300\" srcset=\"https:\/\/i0.wp.com\/www.parrocchianissoria.it\/wp\/wp-content\/uploads\/2014\/01\/Manif-Giornata-Vita-2014-2.jpg?resize=211%2C300&amp;ssl=1 211w, https:\/\/i0.wp.com\/www.parrocchianissoria.it\/wp\/wp-content\/uploads\/2014\/01\/Manif-Giornata-Vita-2014-2.jpg?resize=722%2C1024&amp;ssl=1 722w, https:\/\/i0.wp.com\/www.parrocchianissoria.it\/wp\/wp-content\/uploads\/2014\/01\/Manif-Giornata-Vita-2014-2.jpg?w=1320 1320w, https:\/\/i0.wp.com\/www.parrocchianissoria.it\/wp\/wp-content\/uploads\/2014\/01\/Manif-Giornata-Vita-2014-2.jpg?w=1980 1980w\" sizes=\"(max-width: 211px) 100vw, 211px\" data-recalc-dims=\"1\" \/>\u201cI figli sono la pupilla dei nostri occhi\u2026 Che ne sar\u00e0 di noi se non ci prendiamo cura dei nostri occhi? Come potremo andare avanti?\u201d<a title=\"\" href=\"file:\/\/\/C:\/Users\/Administrator\/Desktop\/Messaggio%20Giornata%20Vita%202014.doc#_ftn1\">[1]<\/a>. Cos\u00ec Papa Francesco all\u2019apertura della XXVIII Giornata Mondiale della Giovent\u00f9 ha illuminato ed esortato tutti\u00a0 alla custodia della vita, ricordando che generare ha in s\u00e9 il germe del futuro. Il figlio si protende verso il domani fin dal grembo materno, accompagnato dalla scelta provvida e consapevole di un uomo e di una donna che si fanno collaboratori del Creatore. La nascita spalanca l\u2019orizzonte verso passi ulteriori che disegneranno il suo futuro, quello dei suoi genitori e della societ\u00e0 che lo circonda, nella quale egli \u00e8 chiamato ad offrire un contributo originale. Questo percorso mette in evidenza \u201cil nesso stretto tra educare e generare: la relazione educativa si innesta nell\u2019atto generativo e nell\u2019esperienza dell\u2019essere figli\u201d<a title=\"\" href=\"file:\/\/\/C:\/Users\/Administrator\/Desktop\/Messaggio%20Giornata%20Vita%202014.doc#_ftn2\">[2]<\/a>, nella consapevolezza che \u201cil bambino impara a vivere guardando ai genitori e agli adulti\u201d<a title=\"\" href=\"file:\/\/\/C:\/Users\/Administrator\/Desktop\/Messaggio%20Giornata%20Vita%202014.doc#_ftn3\">[3]<\/a>.<\/p>\n<p>Ogni figlio \u00e8 volto del \u201cSignore amante della vita\u201d (<i>Sap<\/i> 11,26), dono per la famiglia e per la societ\u00e0. Generare la vita \u00e8 generare il futuro anche e soprattutto oggi, nel tempo della crisi; da essa si pu\u00f2 uscire mettendo i genitori nella condizione di realizzare le loro scelte e i loro progetti.<\/p>\n<p>La testimonianza di giovani sposi e i dati che emergono da inchieste recenti indicano ancora un grande desiderio di generare, che resta mortificato per la carenza di adeguate politiche familiari, per la pressione fiscale e una cultura diffidente verso la vita. Favorire questa aspirazione (valutata nella percentuale di 2,2 figli per donna sull\u2019attuale 1,3 di tasso di natalit\u00e0) porterebbe a invertire la tendenza negativa della natalit\u00e0, e soprattutto ad arricchirci del contributo unico dei figli, autentico bene sociale oltre che segno fecondo dell\u2019amore sponsale.<\/p>\n<p>La societ\u00e0 tutta \u00e8 chiamata a interrogarsi e a decidere quale modello di civilt\u00e0 e quale cultura intende promuovere, a cominciare da quella palestra decisiva per le nuove generazioni che \u00e8 la scuola.<\/p>\n<p>Per porre i mattoni del futuro siamo sollecitati ad andare verso le periferie esistenziali della societ\u00e0, sostenendo donne, uomini e comunit\u00e0 che si impegnino, come afferma Papa Francesco, per un\u2019autentica \u201ccultura dell\u2019incontro\u201d<a title=\"\" href=\"file:\/\/\/C:\/Users\/Administrator\/Desktop\/Messaggio%20Giornata%20Vita%202014.doc#_ftn4\">[4]<\/a>. Educando al dialogo tra le generazioni potremo unire in modo fecondo la speranza e le fatiche dei giovani con la saggezza, l\u2019esperienza di vita e la tenacia degli anziani.<\/p>\n<p>La cultura dell\u2019incontro \u00e8 indispensabile per coltivare il valore della vita in tutte le sue fasi: dal concepimento alla nascita, educando e rigenerando di giorno in giorno, accompagnando la crescita verso l\u2019et\u00e0 adulta e anziana fino al suo naturale termine, e superare cos\u00ec la cultura dello \u201cscarto\u201d<a title=\"\" href=\"file:\/\/\/C:\/Users\/Administrator\/Desktop\/Messaggio%20Giornata%20Vita%202014.doc#_ftn5\">[5]<\/a>. Si tratta di accogliere con stupore la vita, il mistero che la abita, la\u00a0 sua forza sorgiva, come realt\u00e0 che sorregge tutte le altre, che \u00e8 data e si impone da s\u00e9 e pertanto non pu\u00f2 essere soggetta all\u2019arbitrio dell\u2019uomo.<\/p>\n<p>L\u2019alleanza per la vita \u00e8 capace di suscitare ancora autentico progresso per la nostra societ\u00e0, anche da un punto di vista materiale. Infatti il ricorso all\u2019aborto priva ogni anno il nostro Paese anche dell\u2019apporto prezioso di tanti nuovi uomini e donne. Se lamentiamo l\u2019emorragia di energie positive che vive il nostro Paese con l\u2019emigrazione forzata di persone \u2013 spesso giovani \u2013 dotate di preparazione e professionalit\u00e0 eccellenti, dobbiamo ancor pi\u00f9 deplorare il mancato contributo di coloro ai quali \u00e8 stato impedito di nascere. Ancora oggi, nascere non \u00e8 una prospettiva sicura per chi ha ricevuto, con il concepimento, il dono della vita. \u00c8 davvero preoccupante considerare come in Italia l\u2019aspettativa di vita media di un essere umano cali vistosamente se lo consideriamo non alla nascita, ma al concepimento.<\/p>\n<p>La nostra societ\u00e0 ha bisogno oggi di solidariet\u00e0 rinnovata, di uomini e donne che la abitino con responsabilit\u00e0 e siano messi in condizione di svolgere il loro compito di padri e madri, impegnati a superare l\u2019attuale crisi demografica e, con essa, tutte le forme di esclusione. Una esclusione che tocca in particolare chi \u00e8 ammalato e anziano, magari con il ricorso a forme mascherate di eutanasia. Vengono meno cos\u00ec il senso dell\u2019umano e la capacit\u00e0 del farsi carico che stanno a fondamento della societ\u00e0. \u201c\u00c8 il custodire la gente, l\u2019aver cura di tutti, di ogni persona, con amore, specialmente dei bambini, dei vecchi, di coloro che sono pi\u00f9 fragili e che spesso sono nella periferia del nostro cuore. \u00c8 l\u2019aver cura l\u2019uno dell\u2019altro nella famiglia: i coniugi si custodiscono reciprocamente, poi come genitori si prendono cura dei figli, e col tempo anche i figli diventano custodi dei genitori\u201d<a title=\"\" href=\"file:\/\/\/C:\/Users\/Administrator\/Desktop\/Messaggio%20Giornata%20Vita%202014.doc#_ftn6\">[6]<\/a><i>.<\/i><\/p>\n<p>Come un giorno si \u00e8 stati accolti e accompagnati alla vita dai genitori, che rendono presente la pi\u00f9 ampia comunit\u00e0 umana, cos\u00ec nella fase finale la famiglia e la comunit\u00e0 umana accompagnano chi \u00e8 \u201crivestito di debolezza\u201d (<i>Eb<\/i> 5,2), ammalato, anziano, non autosufficiente, non solo restituendo quanto dovuto, ma facendo unit\u00e0 attorno alla persona ora fragile, bisognosa, affidata alle cure e alle mani provvide degli altri.<\/p>\n<p>Generare futuro \u00e8 tenere ben ferma e alta questa relazione di amore e di sostegno, indispensabile per prospettare una comunit\u00e0 umana ancora unita e in crescita, consapevoli che \u201cun popolo che non si prende cura degli anziani e dei bambini e dei giovani non ha futuro, perch\u00e9 maltratta la memoria e la promessa\u201d<a title=\"\" href=\"file:\/\/\/C:\/Users\/Administrator\/Desktop\/Messaggio%20Giornata%20Vita%202014.doc#_ftn7\">[7]<\/a>.<\/p>\n<p>Roma, 4 novembre 2013<br \/>\n<i>Memoria di San Carlo Borromeo<\/i><\/p>\n<p style=\"text-align: right;\">\u00a0\u00a0 \u00a0 \u00a0 \u00a0 \u00a0 \u00a0 \u00a0 \u00a0 \u00a0 \u00a0 \u00a0 \u00a0 \u00a0 \u00a0 \u00a0 \u00a0 \u00a0 \u00a0 \u00a0 \u00a0 \u00a0 \u00a0 \u00a0 \u00a0 \u00a0 \u00a0 \u00a0 \u00a0 \u00a0 \u00a0 \u00a0 \u00a0 \u00a0 \u00a0 \u00a0 \u00a0 \u00a0 \u00a0 \u00a0 \u00a0 \u00a0Il Consiglio Permanente<br \/>\ndella Conferenza Episcopale Italiana<\/p>\n<div><br clear=\"all\" \/><\/p>\n<hr align=\"left\" size=\"1\" width=\"33%\" \/>\n<div>\n<p><a title=\"\" href=\"file:\/\/\/C:\/Users\/Administrator\/Desktop\/Messaggio%20Giornata%20Vita%202014.doc#_ftnref1\">[1]<\/a>\u00a0 Papa Francesco<i>, <\/i><i>Discorso nella cerimonia di benvenuto in occasione della XXVIII Giornata Mondiale della Giovent\u00f9 a Rio de Janeiro,<\/i> 22 luglio 2013.<\/p>\n<\/div>\n<div>\n<p><a title=\"\" href=\"file:\/\/\/C:\/Users\/Administrator\/Desktop\/Messaggio%20Giornata%20Vita%202014.doc#_ftnref2\">[2]<\/a> Conferenza Episcopale Italiana, <i>Educare alla vita buona del Vangelo<\/i>. Orientamenti pastorali dell\u2019Episcopato italiano per il decennio 2010-2020, n. 27.<\/p>\n<\/div>\n<div>\n<p><a title=\"\" href=\"file:\/\/\/C:\/Users\/Administrator\/Desktop\/Messaggio%20Giornata%20Vita%202014.doc#_ftnref3\">[3]<\/a><i> Ib<\/i>.<\/p>\n<\/div>\n<div>\n<p><a title=\"\" href=\"file:\/\/\/C:\/Users\/Administrator\/Desktop\/Messaggio%20Giornata%20Vita%202014.doc#_ftnref4\">[4]<\/a> Papa Francesco<i>, <\/i><i>Omelia nella Santa Messa con i Vescovi, i sacerdoti, i religiosi e i seminaristi in occasione della XXVIII Giornata Mondiale della Giovent\u00f9 a Rio de Janeiro<\/i>, 27 luglio 2013.<\/p>\n<\/div>\n<div>\n<p><a title=\"\" href=\"file:\/\/\/C:\/Users\/Administrator\/Desktop\/Messaggio%20Giornata%20Vita%202014.doc#_ftnref5\">[5]<\/a> Cfr Papa Francesco, <i>Udienza generale<\/i>, 5 giugno 2013.<\/p>\n<\/div>\n<div>\n<p><a title=\"\" href=\"file:\/\/\/C:\/Users\/Administrator\/Desktop\/Messaggio%20Giornata%20Vita%202014.doc#_ftnref6\">[6]<\/a> Papa Francesco<i>, Omelia nella Santa Messa per l\u2019inizio del ministero petrino del Vescovo di Roma<\/i>, 19 marzo 2013.<\/p>\n<\/div>\n<div>\n<p><a title=\"\" href=\"file:\/\/\/C:\/Users\/Administrator\/Desktop\/Messaggio%20Giornata%20Vita%202014.doc#_ftnref7\">[7]<\/a> Papa Francesco<i>, Messaggio ai partecipanti alla 47<\/i><i>a<\/i><i>\u00a0Settimana Sociale dei Cattolici Italiani (Torino, 12-15 settembre 2013)<\/i>, 11 settembre 2013<i>.<\/i><\/p>\n<\/div>\n<\/div>\n","protected":false},"excerpt":{"rendered":"<p>\u201cI figli sono la pupilla dei nostri occhi\u2026 Che ne sar\u00e0 di noi se non ci prendiamo cura dei nostri occhi? Come potremo andare avanti?\u201d[1]. Cos\u00ec Papa Francesco all\u2019apertura della&hellip;<\/p>\n","protected":false},"author":1,"featured_media":1464,"comment_status":"open","ping_status":"open","sticky":false,"template":"","format":"standard","meta":{"jetpack_post_was_ever_published":false,"_jetpack_newsletter_access":"","_jetpack_newsletter_tier_id":0,"jetpack_publicize_message":"","jetpack_is_tweetstorm":false,"jetpack_publicize_feature_enabled":true,"jetpack_social_post_already_shared":false,"jetpack_social_options":{"image_generator_settings":{"template":"highway","enabled":false}}},"categories":[4],"tags":[32,33,34,16,28],"jetpack_publicize_connections":[],"jetpack_featured_media_url":"https:\/\/i0.wp.com\/www.parrocchianissoria.it\/wp\/wp-content\/uploads\/ngg_featured\/vita3.jpg?fit=1167%2C775&ssl=1","jetpack_sharing_enabled":true,"jetpack_shortlink":"https:\/\/wp.me\/p5aHFt-nr","jetpack-related-posts":[{"id":1737,"url":"https:\/\/www.parrocchianissoria.it\/index.php\/37-giornata-per-la-vita\/","url_meta":{"origin":1453,"position":0},"title":"37\u00aa Giornata per la Vita","author":"admin","date":"25 Gennaio 2015","format":false,"excerpt":"SOLIDALI PER LA VITA \u00abI bambini e gli anziani costruiscono il futuro dei popoli; i bambini perch\u00e9 porteranno avanti la storia, gli anziani perch\u00e9 trasmettono l'esperienza e la saggezza della loro vita\u00bb. Queste parole ricordate da Papa Francesco[1] sollecitano un rinnovato riconoscimento della persona umana e una cura pi\u00f9 adeguata\u2026","rel":"","context":"In &quot;Liturgia&quot;","block_context":{"text":"Liturgia","link":"https:\/\/www.parrocchianissoria.it\/index.php\/category\/liturgia\/"},"img":{"alt_text":"","src":"https:\/\/i0.wp.com\/www.parrocchianissoria.it\/wp\/wp-content\/uploads\/2015\/01\/Manifesto-50x100-prova2-A3-bis.jpg?fit=1142%2C684&ssl=1&resize=350%2C200","width":350,"height":200,"srcset":"https:\/\/i0.wp.com\/www.parrocchianissoria.it\/wp\/wp-content\/uploads\/2015\/01\/Manifesto-50x100-prova2-A3-bis.jpg?fit=1142%2C684&ssl=1&resize=350%2C200 1x, https:\/\/i0.wp.com\/www.parrocchianissoria.it\/wp\/wp-content\/uploads\/2015\/01\/Manifesto-50x100-prova2-A3-bis.jpg?fit=1142%2C684&ssl=1&resize=525%2C300 1.5x, https:\/\/i0.wp.com\/www.parrocchianissoria.it\/wp\/wp-content\/uploads\/2015\/01\/Manifesto-50x100-prova2-A3-bis.jpg?fit=1142%2C684&ssl=1&resize=700%2C400 2x, https:\/\/i0.wp.com\/www.parrocchianissoria.it\/wp\/wp-content\/uploads\/2015\/01\/Manifesto-50x100-prova2-A3-bis.jpg?fit=1142%2C684&ssl=1&resize=1050%2C600 3x"},"classes":[]},{"id":1740,"url":"https:\/\/www.parrocchianissoria.it\/index.php\/festival-della-giornata-per-la-vita-2015\/","url_meta":{"origin":1453,"position":1},"title":"Festival della Giornata per la Vita 2015","author":"admin","date":"25 Gennaio 2015","format":false,"excerpt":"Diocesi di Nicosia - Giornata per la Vita 2015 La Pastorale familiare e la Pastorale scolastica\u00a0della Diocesi di Nicosia, congiuntamente,\u00a0promuovono ed organizzano il \"Festival della Giornata per la Vita 2015\" dal titolo \u201cSolidali per la vita. Che mondo lasceremo ai figli e a quali figli lasceremo il mondo? \" Nell'occasione\u2026","rel":"","context":"In &quot;Attivit\u00e0&quot;","block_context":{"text":"Attivit\u00e0","link":"https:\/\/www.parrocchianissoria.it\/index.php\/category\/attivita\/"},"img":{"alt_text":"","src":"https:\/\/i0.wp.com\/www.parrocchianissoria.it\/wp\/wp-content\/uploads\/2015\/01\/locandina-GpV.jpg?fit=1200%2C654&ssl=1&resize=350%2C200","width":350,"height":200,"srcset":"https:\/\/i0.wp.com\/www.parrocchianissoria.it\/wp\/wp-content\/uploads\/2015\/01\/locandina-GpV.jpg?fit=1200%2C654&ssl=1&resize=350%2C200 1x, https:\/\/i0.wp.com\/www.parrocchianissoria.it\/wp\/wp-content\/uploads\/2015\/01\/locandina-GpV.jpg?fit=1200%2C654&ssl=1&resize=525%2C300 1.5x, https:\/\/i0.wp.com\/www.parrocchianissoria.it\/wp\/wp-content\/uploads\/2015\/01\/locandina-GpV.jpg?fit=1200%2C654&ssl=1&resize=700%2C400 2x, https:\/\/i0.wp.com\/www.parrocchianissoria.it\/wp\/wp-content\/uploads\/2015\/01\/locandina-GpV.jpg?fit=1200%2C654&ssl=1&resize=1050%2C600 3x"},"classes":[]},{"id":972,"url":"https:\/\/www.parrocchianissoria.it\/index.php\/il-tempo-della-mistagogia\/","url_meta":{"origin":1453,"position":2},"title":"Il Tempo della mistagogia","author":"admin","date":"2 Ottobre 2012","format":false,"excerpt":"Con la Celebrazione del Battesimo, della Confermazione e dell'Eucarestia, non \u00e8 terminato l'itinerario d'iniziazione cristiana. Inizia il tempo della Mistagogia, per poter cos\u00ec familiarizzare sempre di pi\u00f9 con la vita cristiana e con la propria comunit\u00e0 parrocchiale. Il neofita \u00e8 educato a scoprire e a crescere sempre pi\u00f9 nella grande\u2026","rel":"","context":"In &quot;Pastorale&quot;","block_context":{"text":"Pastorale","link":"https:\/\/www.parrocchianissoria.it\/index.php\/category\/pastorale\/"},"img":{"alt_text":"","src":"","width":0,"height":0},"classes":[]},{"id":1943,"url":"https:\/\/www.parrocchianissoria.it\/index.php\/giubileo-dei-ragazzi-a-roma\/","url_meta":{"origin":1453,"position":3},"title":"Giubileo dei ragazzi a Roma","author":"Salvatore Licata","date":"13 Marzo 2016","format":false,"excerpt":"All\u2019interno del Giubileo della Misericordia, Papa Francesco ha voluto anche un particolare Giubileo dei Ragazzi con i ragazzi pi\u00f9 giovani: il Giubileo dei Ragazzi. A loro Francesco ha rivolto uno specifico messaggio per invitarli a Roma. Il programma prevede: Scarica la Scheda di iscrizione per ogni singolo partecipante Le iscrizioni\u2026","rel":"","context":"In &quot;Attivit\u00e0&quot;","block_context":{"text":"Attivit\u00e0","link":"https:\/\/www.parrocchianissoria.it\/index.php\/category\/attivita\/"},"img":{"alt_text":"","src":"https:\/\/i0.wp.com\/www.parrocchianissoria.it\/wp\/wp-content\/uploads\/2016\/03\/giubileo-ragazzi.jpg?fit=800%2C1131&ssl=1&resize=350%2C200","width":350,"height":200,"srcset":"https:\/\/i0.wp.com\/www.parrocchianissoria.it\/wp\/wp-content\/uploads\/2016\/03\/giubileo-ragazzi.jpg?fit=800%2C1131&ssl=1&resize=350%2C200 1x, https:\/\/i0.wp.com\/www.parrocchianissoria.it\/wp\/wp-content\/uploads\/2016\/03\/giubileo-ragazzi.jpg?fit=800%2C1131&ssl=1&resize=525%2C300 1.5x, https:\/\/i0.wp.com\/www.parrocchianissoria.it\/wp\/wp-content\/uploads\/2016\/03\/giubileo-ragazzi.jpg?fit=800%2C1131&ssl=1&resize=700%2C400 2x"},"classes":[]},{"id":1418,"url":"https:\/\/www.parrocchianissoria.it\/index.php\/la-chiesa-riceve-e-dona-la-fede-di-pietro-scardilli\/","url_meta":{"origin":1453,"position":4},"title":"LA CHIESA RICEVE E DONA LA FEDE","author":"admin","date":"10 Gennaio 2014","format":false,"excerpt":"In occasione del convegno catechistico regionale, ecco la riflessione di Pietro Scardilli dal titolo La Chiesa riceve e dona la fede?. 1. Da dove partire? Se facciamo attenzione alla concreta esperienza della fede, rileviamo due punti di vista: \u00a0da una parte si diviene credenti solo perch\u00e9 altri hanno gi\u00e0 vissuto\u2026","rel":"","context":"In &quot;Diocesi&quot;","block_context":{"text":"Diocesi","link":"https:\/\/www.parrocchianissoria.it\/index.php\/category\/diocesi\/"},"img":{"alt_text":"395","src":"https:\/\/i0.wp.com\/www.parrocchianissoria.it\/wp\/wp-content\/uploads\/2014\/01\/395.jpg?resize=350%2C200","width":350,"height":200,"srcset":"https:\/\/i0.wp.com\/www.parrocchianissoria.it\/wp\/wp-content\/uploads\/2014\/01\/395.jpg?resize=350%2C200 1x, https:\/\/i0.wp.com\/www.parrocchianissoria.it\/wp\/wp-content\/uploads\/2014\/01\/395.jpg?resize=525%2C300 1.5x, https:\/\/i0.wp.com\/www.parrocchianissoria.it\/wp\/wp-content\/uploads\/2014\/01\/395.jpg?resize=700%2C400 2x"},"classes":[]},{"id":1630,"url":"https:\/\/www.parrocchianissoria.it\/index.php\/maria-santissima-madre-di-dio\/","url_meta":{"origin":1453,"position":5},"title":"Maria Santissima Madre di Dio","author":"admin","date":"29 Dicembre 2014","format":false,"excerpt":"\u00abTi vedo in mille immagini, \/ Maria, amabilmente figurata\u00bb, scrive Novalis nei suoi Canti spirituali. Sin dall\u2019antichit\u00e0, infatti, la Vergine Madre \u00e8 stata fatta oggetto non solo della riflessione della teologia, ma anche del genio e della contemplazione degli artisti. La Chiesa di Santa Maria in Trastevere, come anche la\u2026","rel":"","context":"In &quot;Liturgia&quot;","block_context":{"text":"Liturgia","link":"https:\/\/www.parrocchianissoria.it\/index.php\/category\/liturgia\/"},"img":{"alt_text":"","src":"https:\/\/i0.wp.com\/www.parrocchianissoria.it\/wp\/wp-content\/uploads\/2014\/12\/1_gennaio.jpg?fit=1002%2C528&ssl=1&resize=350%2C200","width":350,"height":200,"srcset":"https:\/\/i0.wp.com\/www.parrocchianissoria.it\/wp\/wp-content\/uploads\/2014\/12\/1_gennaio.jpg?fit=1002%2C528&ssl=1&resize=350%2C200 1x, https:\/\/i0.wp.com\/www.parrocchianissoria.it\/wp\/wp-content\/uploads\/2014\/12\/1_gennaio.jpg?fit=1002%2C528&ssl=1&resize=525%2C300 1.5x, https:\/\/i0.wp.com\/www.parrocchianissoria.it\/wp\/wp-content\/uploads\/2014\/12\/1_gennaio.jpg?fit=1002%2C528&ssl=1&resize=700%2C400 2x"},"classes":[]}],"jetpack_likes_enabled":true,"_links":{"self":[{"href":"https:\/\/www.parrocchianissoria.it\/index.php\/wp-json\/wp\/v2\/posts\/1453"}],"collection":[{"href":"https:\/\/www.parrocchianissoria.it\/index.php\/wp-json\/wp\/v2\/posts"}],"about":[{"href":"https:\/\/www.parrocchianissoria.it\/index.php\/wp-json\/wp\/v2\/types\/post"}],"author":[{"embeddable":true,"href":"https:\/\/www.parrocchianissoria.it\/index.php\/wp-json\/wp\/v2\/users\/1"}],"replies":[{"embeddable":true,"href":"https:\/\/www.parrocchianissoria.it\/index.php\/wp-json\/wp\/v2\/comments?post=1453"}],"version-history":[{"count":3,"href":"https:\/\/www.parrocchianissoria.it\/index.php\/wp-json\/wp\/v2\/posts\/1453\/revisions"}],"predecessor-version":[{"id":1463,"href":"https:\/\/www.parrocchianissoria.it\/index.php\/wp-json\/wp\/v2\/posts\/1453\/revisions\/1463"}],"wp:featuredmedia":[{"embeddable":true,"href":"https:\/\/www.parrocchianissoria.it\/index.php\/wp-json\/wp\/v2\/media\/1464"}],"wp:attachment":[{"href":"https:\/\/www.parrocchianissoria.it\/index.php\/wp-json\/wp\/v2\/media?parent=1453"}],"wp:term":[{"taxonomy":"category","embeddable":true,"href":"https:\/\/www.parrocchianissoria.it\/index.php\/wp-json\/wp\/v2\/categories?post=1453"},{"taxonomy":"post_tag","embeddable":true,"href":"https:\/\/www.parrocchianissoria.it\/index.php\/wp-json\/wp\/v2\/tags?post=1453"}],"curies":[{"name":"wp","href":"https:\/\/api.w.org\/{rel}","templated":true}]}}