{"id":1414,"date":"2014-01-10T10:44:12","date_gmt":"2014-01-10T09:44:12","guid":{"rendered":"http:\/\/www.parrocchianissoria.it\/?p=1414"},"modified":"2014-01-10T10:44:12","modified_gmt":"2014-01-10T09:44:12","slug":"catechesi-da-dove-partire","status":"publish","type":"post","link":"https:\/\/www.parrocchianissoria.it\/index.php\/catechesi-da-dove-partire\/","title":{"rendered":"CATECHESI: &#8220;DA DOVE PARTIRE?&#8221;"},"content":{"rendered":"<h3>Convegno catechistico regionale<\/h3>\n<p><a id=\"thumb1\" href=\"https:\/\/i0.wp.com\/www.chiesedisicilia.org\/cesi\/allegati\/2673\/inizio.jpg\"><img decoding=\"async\" alt=\"\" src=\"https:\/\/i0.wp.com\/www.chiesedisicilia.org\/cesi\/allegati\/2673\/inizio.jpg?w=660\" border=\"0\" hspace=\"10\" vspace=\"5\" data-recalc-dims=\"1\" \/><br \/>\n<\/a><br \/>\n&#8220;Non c&#8217;\u00e8 cristianesimo n\u00e8 Chiesa senza comunicazione della fede \u00a0e, di contro, non c&#8217;\u00e8 comunicazione della fede senza Chiesa. E allora da dove partire? A questa la domanda che ha aperto il\u00a0<a href=\"http:\/\/www.chiesedisicilia.org\/chiese_di_sicilia\/ufficio_stampa\/00002614_CONVEGNO_CATECHISTICO_REGIONALE.html\">Convegno catechistico regionale<\/a>\u00a0che si \u00e8 svolto da venerd\u00ec 3 a domenica 5 gennaio 2014 a Cefal\u00f9. A porla \u00e8 stato Pietro Scardili, autore della prima riflessione dal titolo &#8220;La Chiesa riceve e dona la fede&#8221;?.<br \/>\nI quasi 150 catechisti arrivati dalle Diocesi di Sicilia si sono confrontati con lui sul tema, cos\u00ec come sono intervenuti numerosi dopo la relazione di Valerio Chiovaro su &#8220;Parola fatta fatto. Verbo ed evento&#8221;?. Ad apertura dei lavori la preghiera del Vescovo di Nicosia mons. Salvatore Muratore, delegato Cesi per la Catechesi, l&#8217;introduzione di don Pasquale La Milia, Direttore dell&#8217;Ufficio regionale per la Catechesi, e il saluto del Vescovo di Cefal\u00f9, mons. Vincenzo Manzella.<br \/>\nIl catechista \u00e8 un &#8220;tessitore di comunione&#8221;, un uomo o una donna che, &#8220;con lo stupore negli occhi e nel cuore&#8221;, &#8220;con la pochezza e la maestosit\u00e0 del sicomoro&#8221; annuncia Cristo con gratuit\u00e0. Mons. Salvatore Muratore, vescovo di Nicosia e delegato Cesi per la Dottrina delle Fede e la Catechesi, conclude il Convegno catechistico tracciando il profilo del catechista. Nel suo intervento anche &#8220;un progetto di catechesi in diocesi&#8221; che \u00e8 anche &#8220;un progetto pastorale in diocesi&#8221;.<\/p>\n<p><a href=\"http:\/\/www.chiesedisicilia.org\/chiese_di_sicilia\/ufficio_stampa\/00002673_CATECHESI__DA_DOVE_PARTIRE.html\">Fonte<\/a><\/p>\n","protected":false},"excerpt":{"rendered":"<p>Convegno catechistico regionale &#8220;Non c&#8217;\u00e8 cristianesimo n\u00e8 Chiesa senza comunicazione della fede \u00a0e, di contro, non c&#8217;\u00e8 comunicazione della fede senza Chiesa. E allora da dove partire? A questa la&hellip;<\/p>\n","protected":false},"author":1,"featured_media":0,"comment_status":"open","ping_status":"open","sticky":false,"template":"","format":"standard","meta":{"jetpack_post_was_ever_published":false,"_jetpack_newsletter_access":"","_jetpack_newsletter_tier_id":0,"jetpack_publicize_message":"","jetpack_is_tweetstorm":false,"jetpack_publicize_feature_enabled":true,"jetpack_social_post_already_shared":false,"jetpack_social_options":{"image_generator_settings":{"template":"highway","enabled":false}}},"categories":[4],"tags":[32,33,29,28],"jetpack_publicize_connections":[],"jetpack_featured_media_url":"","jetpack_sharing_enabled":true,"jetpack_shortlink":"https:\/\/wp.me\/p5aHFt-mO","jetpack-related-posts":[{"id":1418,"url":"https:\/\/www.parrocchianissoria.it\/index.php\/la-chiesa-riceve-e-dona-la-fede-di-pietro-scardilli\/","url_meta":{"origin":1414,"position":0},"title":"LA CHIESA RICEVE E DONA LA FEDE","author":"admin","date":"10 Gennaio 2014","format":false,"excerpt":"In occasione del convegno catechistico regionale, ecco la riflessione di Pietro Scardilli dal titolo La Chiesa riceve e dona la fede?. 1. Da dove partire? Se facciamo attenzione alla concreta esperienza della fede, rileviamo due punti di vista: \u00a0da una parte si diviene credenti solo perch\u00e9 altri hanno gi\u00e0 vissuto\u2026","rel":"","context":"In &quot;Diocesi&quot;","block_context":{"text":"Diocesi","link":"https:\/\/www.parrocchianissoria.it\/index.php\/category\/diocesi\/"},"img":{"alt_text":"395","src":"https:\/\/i0.wp.com\/www.parrocchianissoria.it\/wp\/wp-content\/uploads\/2014\/01\/395.jpg?resize=350%2C200","width":350,"height":200,"srcset":"https:\/\/i0.wp.com\/www.parrocchianissoria.it\/wp\/wp-content\/uploads\/2014\/01\/395.jpg?resize=350%2C200 1x, https:\/\/i0.wp.com\/www.parrocchianissoria.it\/wp\/wp-content\/uploads\/2014\/01\/395.jpg?resize=525%2C300 1.5x, https:\/\/i0.wp.com\/www.parrocchianissoria.it\/wp\/wp-content\/uploads\/2014\/01\/395.jpg?resize=700%2C400 2x"},"classes":[]},{"id":2269,"url":"https:\/\/www.parrocchianissoria.it\/index.php\/festa-regionale-delle-famiglie\/","url_meta":{"origin":1414,"position":1},"title":"Festa regionale delle famiglie\u00a0","author":"Salvatore Licata","date":"31 Luglio 2016","format":false,"excerpt":"\u200b Domenica 11 settembre 2016 in occasione del Bicentenario della Diocesi di Caltagirone nell'ambito delle iniziative del Giubileo si terr\u00e0 il Giubileo Regionale delle Famiglie,. Sar\u00e0 il primo grande evento sinodale e giubilare di tutte le famiglie siciliane, in comunione con tutti i nostri Vescovi. Il tema per questo momento\u2026","rel":"","context":"In &quot;Attivit\u00e0&quot;","block_context":{"text":"Attivit\u00e0","link":"https:\/\/www.parrocchianissoria.it\/index.php\/category\/attivita\/"},"img":{"alt_text":"","src":"https:\/\/i0.wp.com\/www.parrocchianissoria.it\/wp\/wp-content\/uploads\/2016\/07\/fb_img_1469964164173.jpg?fit=679%2C960&ssl=1&resize=350%2C200","width":350,"height":200,"srcset":"https:\/\/i0.wp.com\/www.parrocchianissoria.it\/wp\/wp-content\/uploads\/2016\/07\/fb_img_1469964164173.jpg?fit=679%2C960&ssl=1&resize=350%2C200 1x, https:\/\/i0.wp.com\/www.parrocchianissoria.it\/wp\/wp-content\/uploads\/2016\/07\/fb_img_1469964164173.jpg?fit=679%2C960&ssl=1&resize=525%2C300 1.5x"},"classes":[]},{"id":1580,"url":"https:\/\/www.parrocchianissoria.it\/index.php\/iii-domenica-di-avvento\/","url_meta":{"origin":1414,"position":2},"title":"III domenica di Avvento","author":"admin","date":"12 Dicembre 2014","format":false,"excerpt":"In uno degli affreschi realizzati da Domenico Zampieri, detto Domenichino, nella Chiesa di Sant\u2019Andrea della Valle a Roma nella prima met\u00e0 del \u2018600, Giovanni Battista \u00e8 ricoperto da un mantello rosso, un chiaro rimando alla sua testimonianza sino al martirio, ed ha ai suoi piedi un agnello. Con il braccio\u2026","rel":"","context":"In &quot;Avvento&quot;","block_context":{"text":"Avvento","link":"https:\/\/www.parrocchianissoria.it\/index.php\/category\/avvento\/"},"img":{"alt_text":"","src":"https:\/\/i0.wp.com\/www.parrocchianissoria.it\/wp\/wp-content\/uploads\/2014\/12\/iii_avvento.jpg?fit=1100%2C715&ssl=1&resize=350%2C200","width":350,"height":200,"srcset":"https:\/\/i0.wp.com\/www.parrocchianissoria.it\/wp\/wp-content\/uploads\/2014\/12\/iii_avvento.jpg?fit=1100%2C715&ssl=1&resize=350%2C200 1x, https:\/\/i0.wp.com\/www.parrocchianissoria.it\/wp\/wp-content\/uploads\/2014\/12\/iii_avvento.jpg?fit=1100%2C715&ssl=1&resize=525%2C300 1.5x, https:\/\/i0.wp.com\/www.parrocchianissoria.it\/wp\/wp-content\/uploads\/2014\/12\/iii_avvento.jpg?fit=1100%2C715&ssl=1&resize=700%2C400 2x, https:\/\/i0.wp.com\/www.parrocchianissoria.it\/wp\/wp-content\/uploads\/2014\/12\/iii_avvento.jpg?fit=1100%2C715&ssl=1&resize=1050%2C600 3x"},"classes":[]},{"id":1630,"url":"https:\/\/www.parrocchianissoria.it\/index.php\/maria-santissima-madre-di-dio\/","url_meta":{"origin":1414,"position":3},"title":"Maria Santissima Madre di Dio","author":"admin","date":"29 Dicembre 2014","format":false,"excerpt":"\u00abTi vedo in mille immagini, \/ Maria, amabilmente figurata\u00bb, scrive Novalis nei suoi Canti spirituali. Sin dall\u2019antichit\u00e0, infatti, la Vergine Madre \u00e8 stata fatta oggetto non solo della riflessione della teologia, ma anche del genio e della contemplazione degli artisti. La Chiesa di Santa Maria in Trastevere, come anche la\u2026","rel":"","context":"In &quot;Liturgia&quot;","block_context":{"text":"Liturgia","link":"https:\/\/www.parrocchianissoria.it\/index.php\/category\/liturgia\/"},"img":{"alt_text":"","src":"https:\/\/i0.wp.com\/www.parrocchianissoria.it\/wp\/wp-content\/uploads\/2014\/12\/1_gennaio.jpg?fit=1002%2C528&ssl=1&resize=350%2C200","width":350,"height":200,"srcset":"https:\/\/i0.wp.com\/www.parrocchianissoria.it\/wp\/wp-content\/uploads\/2014\/12\/1_gennaio.jpg?fit=1002%2C528&ssl=1&resize=350%2C200 1x, https:\/\/i0.wp.com\/www.parrocchianissoria.it\/wp\/wp-content\/uploads\/2014\/12\/1_gennaio.jpg?fit=1002%2C528&ssl=1&resize=525%2C300 1.5x, https:\/\/i0.wp.com\/www.parrocchianissoria.it\/wp\/wp-content\/uploads\/2014\/12\/1_gennaio.jpg?fit=1002%2C528&ssl=1&resize=700%2C400 2x"},"classes":[]},{"id":1375,"url":"https:\/\/www.parrocchianissoria.it\/index.php\/vorrei-portarvi-in-dono-la-speranza-messaggio-augurale-del-vescovo\/","url_meta":{"origin":1414,"position":4},"title":"Vorrei portarvi in dono la speranza &#8211; Messaggio augurale del Vescovo","author":"admin","date":"25 Dicembre 2013","format":false,"excerpt":"\u00a0In questo Natale vorrei portarti in dono la speranza. Basta che tu apra mani e cuore e la speranza inonder\u00e0 la tua vita. La speranza ha un nome e un volto: la speranza si chiama Ges\u00f9. Nasce un Bambino in un grotta e si schiude un orizzonte nuovo per l\u2019umanit\u00e0:\u2026","rel":"","context":"In &quot;Diocesi&quot;","block_context":{"text":"Diocesi","link":"https:\/\/www.parrocchianissoria.it\/index.php\/category\/diocesi\/"},"img":{"alt_text":"","src":"","width":0,"height":0},"classes":[]},{"id":1615,"url":"https:\/\/www.parrocchianissoria.it\/index.php\/iv-domenica-di-avvento\/","url_meta":{"origin":1414,"position":5},"title":"IV Domenica di Avvento","author":"admin","date":"19 Dicembre 2014","format":false,"excerpt":"Dinanzi all\u2019Annunciata dipinta da Antonello da Messina nel 1476 risultano ancora pi\u00f9 vere le parole con cui l\u2019allora cardinale Joseph Ratzinger introduceva il Compendio del Catechismo della Chiesa Cattolica: \u00abGli artisti di ogni tempo hanno offerto alla contemplazione e allo stupore dei fedeli i fatti salienti del mistero della salvezza,\u2026","rel":"","context":"In &quot;Senza categoria&quot;","block_context":{"text":"Senza categoria","link":"https:\/\/www.parrocchianissoria.it\/index.php\/category\/senza-categoria\/"},"img":{"alt_text":"","src":"https:\/\/i0.wp.com\/www.parrocchianissoria.it\/wp\/wp-content\/uploads\/2014\/12\/iv_avvento.jpg?fit=883%2C553&ssl=1&resize=350%2C200","width":350,"height":200,"srcset":"https:\/\/i0.wp.com\/www.parrocchianissoria.it\/wp\/wp-content\/uploads\/2014\/12\/iv_avvento.jpg?fit=883%2C553&ssl=1&resize=350%2C200 1x, https:\/\/i0.wp.com\/www.parrocchianissoria.it\/wp\/wp-content\/uploads\/2014\/12\/iv_avvento.jpg?fit=883%2C553&ssl=1&resize=525%2C300 1.5x, https:\/\/i0.wp.com\/www.parrocchianissoria.it\/wp\/wp-content\/uploads\/2014\/12\/iv_avvento.jpg?fit=883%2C553&ssl=1&resize=700%2C400 2x"},"classes":[]}],"jetpack_likes_enabled":true,"_links":{"self":[{"href":"https:\/\/www.parrocchianissoria.it\/index.php\/wp-json\/wp\/v2\/posts\/1414"}],"collection":[{"href":"https:\/\/www.parrocchianissoria.it\/index.php\/wp-json\/wp\/v2\/posts"}],"about":[{"href":"https:\/\/www.parrocchianissoria.it\/index.php\/wp-json\/wp\/v2\/types\/post"}],"author":[{"embeddable":true,"href":"https:\/\/www.parrocchianissoria.it\/index.php\/wp-json\/wp\/v2\/users\/1"}],"replies":[{"embeddable":true,"href":"https:\/\/www.parrocchianissoria.it\/index.php\/wp-json\/wp\/v2\/comments?post=1414"}],"version-history":[{"count":3,"href":"https:\/\/www.parrocchianissoria.it\/index.php\/wp-json\/wp\/v2\/posts\/1414\/revisions"}],"predecessor-version":[{"id":1417,"href":"https:\/\/www.parrocchianissoria.it\/index.php\/wp-json\/wp\/v2\/posts\/1414\/revisions\/1417"}],"wp:attachment":[{"href":"https:\/\/www.parrocchianissoria.it\/index.php\/wp-json\/wp\/v2\/media?parent=1414"}],"wp:term":[{"taxonomy":"category","embeddable":true,"href":"https:\/\/www.parrocchianissoria.it\/index.php\/wp-json\/wp\/v2\/categories?post=1414"},{"taxonomy":"post_tag","embeddable":true,"href":"https:\/\/www.parrocchianissoria.it\/index.php\/wp-json\/wp\/v2\/tags?post=1414"}],"curies":[{"name":"wp","href":"https:\/\/api.w.org\/{rel}","templated":true}]}}